{"id":28212,"date":"2022-08-31T10:34:29","date_gmt":"2022-08-31T08:34:29","guid":{"rendered":"https:\/\/wtw.waw.pl\/?p=28212"},"modified":"2022-08-31T10:34:29","modified_gmt":"2022-08-31T08:34:29","slug":"piotr-plominski-i-konrad-domanski-startuja-w-mlodziezowych-mistrzostwach-europy","status":"publish","type":"post","link":"https:\/\/wpserwis.cfolks.pl\/r2\/piotr-plominski-i-konrad-domanski-startuja-w-mlodziezowych-mistrzostwach-europy\/","title":{"rendered":"PIOTR P\u0141OMI\u0143SKI I KONRAD DOMA\u0143SKI STARTUJ\u0104 W M\u0141ODZIE\u017bOWYCH MISTRZOSTWACH EUROPY"},"content":{"rendered":"<div class=\"m8h3af8h l7ghb35v kjdc1dyq kmwttqpk gh25dzvf n3t5jt4f\">\n<div dir=\"auto\">W najbli\u017cszy weekend, dw\u00f3ch naszych zawodnik\u00f3w : Piotr P\u0142omi\u0144ski na M1x oraz Konrad Doma\u0144ski na M2x, wystartuj\u0105 w M\u0142odzie\u017cowych Mistrzostwach Europy, kt\u00f3re w tym roku odb\u0119d\u0105 si\u0119 w Hazewinkel, Belgia (03-04.09)<\/div>\n<\/div>\n<div class=\"l7ghb35v kjdc1dyq kmwttqpk gh25dzvf jikcssrz n3t5jt4f\">\n<div dir=\"auto\">Jest to druga, tu\u017c po Mistrzostwach \u015awiata, najwa\u017cniejsza impreza wio\u015blarska dla kategorii wiekowej U23. Warto przypomnie\u0107, \u017ce w tym sezonie Piotr startowa\u0142 w kategorii Senior\u00f3w i w ostatnim starcie, Mistrzostwach Europy Senior\u00f3w na M2x wraz z Szymonem Po\u015bnikiem, zaj\u0119li bardzo dobre 7 miejsce. Konrad ostatnio zdoby\u0142 dwa <span class=\"fxk3tzhb b2rh1bv3 gh55jysx m8h3af8h ewco64xe kjdc1dyq ms56khn7 bq6c9xl4 eohcrkr5 akh3l2rg\">srebrne<\/span> medale na M\u0142odzie\u017cowych Mistrzostwach Polski w konkurencji M1x i M2x.<\/div>\n<div dir=\"auto\">W najbli\u017cszy weekend pop\u0142ynie na dw\u00f3jce z Miko\u0142ajem Kulka z klubu Drakkar Gda\u0144sk.<\/div>\n<div dir=\"auto\">&nbsp;<\/div>\n<\/div>\n<div class=\"l7ghb35v kjdc1dyq kmwttqpk gh25dzvf jikcssrz n3t5jt4f\">\n<div dir=\"auto\">Trzymamy kciuki i kibicujemy!<\/p>\n<\/div>\n<\/div>\n","protected":false},"excerpt":{"rendered":"<p>W najbli\u017cszy weekend, dw\u00f3ch naszych zawodnik\u00f3w : Piotr P\u0142omi\u0144ski na M1x oraz Konrad Doma\u0144ski na M2x, wystartuj\u0105 w M\u0142odzie\u017cowych Mistrzostwach Europy, kt\u00f3re w tym roku odb\u0119d\u0105 si\u0119 w Hazewinkel, Belgia (03-04.09) Jest to druga, tu\u017c po Mistrzostwach \u015awiata, najwa\u017cniejsza impreza wio\u015blarska dla kategorii wiekowej U23. Warto przypomnie\u0107, \u017ce w tym sezonie Piotr startowa\u0142 w kategorii [&hellip;]<\/p>\n","protected":false},"author":1,"featured_media":28213,"comment_status":"closed","ping_status":"closed","sticky":false,"template":"","format":"standard","meta":{"_acf_changed":false,"footnotes":""},"categories":[1],"tags":[],"class_list":["post-28212","post","type-post","status-publish","format-standard","has-post-thumbnail","hentry","category-bez-kategorii"],"acf":[],"_links":{"self":[{"href":"https:\/\/wpserwis.cfolks.pl\/r2\/wp-json\/wp\/v2\/posts\/28212","targetHints":{"allow":["GET"]}}],"collection":[{"href":"https:\/\/wpserwis.cfolks.pl\/r2\/wp-json\/wp\/v2\/posts"}],"about":[{"href":"https:\/\/wpserwis.cfolks.pl\/r2\/wp-json\/wp\/v2\/types\/post"}],"author":[{"embeddable":true,"href":"https:\/\/wpserwis.cfolks.pl\/r2\/wp-json\/wp\/v2\/users\/1"}],"replies":[{"embeddable":true,"href":"https:\/\/wpserwis.cfolks.pl\/r2\/wp-json\/wp\/v2\/comments?post=28212"}],"version-history":[{"count":0,"href":"https:\/\/wpserwis.cfolks.pl\/r2\/wp-json\/wp\/v2\/posts\/28212\/revisions"}],"wp:featuredmedia":[{"embeddable":true,"href":"https:\/\/wpserwis.cfolks.pl\/r2\/wp-json\/"}],"wp:attachment":[{"href":"https:\/\/wpserwis.cfolks.pl\/r2\/wp-json\/wp\/v2\/media?parent=28212"}],"wp:term":[{"taxonomy":"category","embeddable":true,"href":"https:\/\/wpserwis.cfolks.pl\/r2\/wp-json\/wp\/v2\/categories?post=28212"},{"taxonomy":"post_tag","embeddable":true,"href":"https:\/\/wpserwis.cfolks.pl\/r2\/wp-json\/wp\/v2\/tags?post=28212"}],"curies":[{"name":"wp","href":"https:\/\/api.w.org\/{rel}","templated":true}]}}