{"id":28219,"date":"2022-09-01T11:04:43","date_gmt":"2022-09-01T09:04:43","guid":{"rendered":"https:\/\/wtw.waw.pl\/?p=28219"},"modified":"2022-09-01T11:04:43","modified_gmt":"2022-09-01T09:04:43","slug":"piknik-rodzinny-wilanow","status":"publish","type":"post","link":"https:\/\/wpserwis.cfolks.pl\/r2\/piknik-rodzinny-wilanow\/","title":{"rendered":"PIKNIK RODZINNY WILAN\u00d3W &#8211; ZAPRASZAMY NA ERGOMETRY Z WTW"},"content":{"rendered":"<p>W najbli\u017csz\u0105 sobot\u0119, 3 wrze\u015bnia, WTW we\u017amie udzia\u0142 w Pikniku Rodzinnym organizowanym przez dzielnic\u0119 Wilan\u00f3w.<\/p>\n<p>Serdecznie zapraszamy wszystkich ch\u0119tnych do odwiedzenia naszego stanowiska, na kt\u00f3rym b\u0119dzie mo\u017cna spr\u00f3bowa\u0107 swoich si\u0142, \u015bcigaj\u0105c si\u0119 na ergometrze wio\u015blarskim. Zapewniamy fachow\u0105 opiek\u0119 trenersk\u0105 i pozytywn\u0105, sportow\u0105 energi\u0119.<\/p>\n<p>&nbsp;<\/p>\n<p>Do zobaczenia, start o godz. 10.00, pla\u017ca Wilan\u00f3w.<\/p>\n<p>&nbsp;<\/p>\n<p>&nbsp;<\/p>\n<p>&nbsp;<\/p>\n<p>&nbsp;<\/p>\n<p>.<\/p>\n","protected":false},"excerpt":{"rendered":"<p>W najbli\u017csz\u0105 sobot\u0119, 3 wrze\u015bnia, WTW we\u017amie udzia\u0142 w Pikniku Rodzinnym organizowanym przez dzielnic\u0119 Wilan\u00f3w. Serdecznie zapraszamy wszystkich ch\u0119tnych do odwiedzenia naszego stanowiska, na kt\u00f3rym b\u0119dzie mo\u017cna spr\u00f3bowa\u0107 swoich si\u0142, \u015bcigaj\u0105c si\u0119 na ergometrze wio\u015blarskim. Zapewniamy fachow\u0105 opiek\u0119 trenersk\u0105 i pozytywn\u0105, sportow\u0105 energi\u0119. &nbsp; Do zobaczenia, start o godz. 10.00, pla\u017ca Wilan\u00f3w. &nbsp; &nbsp; &nbsp; [&hellip;]<\/p>\n","protected":false},"author":1,"featured_media":28220,"comment_status":"closed","ping_status":"closed","sticky":false,"template":"","format":"standard","meta":{"_acf_changed":false,"footnotes":""},"categories":[1],"tags":[],"class_list":["post-28219","post","type-post","status-publish","format-standard","has-post-thumbnail","hentry","category-bez-kategorii"],"acf":[],"_links":{"self":[{"href":"https:\/\/wpserwis.cfolks.pl\/r2\/wp-json\/wp\/v2\/posts\/28219","targetHints":{"allow":["GET"]}}],"collection":[{"href":"https:\/\/wpserwis.cfolks.pl\/r2\/wp-json\/wp\/v2\/posts"}],"about":[{"href":"https:\/\/wpserwis.cfolks.pl\/r2\/wp-json\/wp\/v2\/types\/post"}],"author":[{"embeddable":true,"href":"https:\/\/wpserwis.cfolks.pl\/r2\/wp-json\/wp\/v2\/users\/1"}],"replies":[{"embeddable":true,"href":"https:\/\/wpserwis.cfolks.pl\/r2\/wp-json\/wp\/v2\/comments?post=28219"}],"version-history":[{"count":0,"href":"https:\/\/wpserwis.cfolks.pl\/r2\/wp-json\/wp\/v2\/posts\/28219\/revisions"}],"wp:featuredmedia":[{"embeddable":true,"href":"https:\/\/wpserwis.cfolks.pl\/r2\/wp-json\/"}],"wp:attachment":[{"href":"https:\/\/wpserwis.cfolks.pl\/r2\/wp-json\/wp\/v2\/media?parent=28219"}],"wp:term":[{"taxonomy":"category","embeddable":true,"href":"https:\/\/wpserwis.cfolks.pl\/r2\/wp-json\/wp\/v2\/categories?post=28219"},{"taxonomy":"post_tag","embeddable":true,"href":"https:\/\/wpserwis.cfolks.pl\/r2\/wp-json\/wp\/v2\/tags?post=28219"}],"curies":[{"name":"wp","href":"https:\/\/api.w.org\/{rel}","templated":true}]}}