{"id":28233,"date":"2022-09-05T14:01:49","date_gmt":"2022-09-05T12:01:49","guid":{"rendered":"https:\/\/wtw.waw.pl\/?p=28233"},"modified":"2022-09-05T14:01:49","modified_gmt":"2022-09-05T12:01:49","slug":"plominski-mistrzem-europy-domanski-piaty","status":"publish","type":"post","link":"https:\/\/wpserwis.cfolks.pl\/r2\/plominski-mistrzem-europy-domanski-piaty\/","title":{"rendered":"P\u0141OMI\u0143SKI MISTRZEM EUROPY, DOMA\u0143SKI PI\u0104TY"},"content":{"rendered":"<div class=\"m8h3af8h l7ghb35v kjdc1dyq kmwttqpk gh25dzvf n3t5jt4f\">\n<div dir=\"auto\">Piotr P\u0142omi\u0144ski Mistrzem Europy.<\/div>\n<\/div>\n<div class=\"l7ghb35v kjdc1dyq kmwttqpk gh25dzvf jikcssrz n3t5jt4f\">\n<div dir=\"auto\">Z\u0141OTO Piotrka na M1x oraz 5te miejsce Konrada na M2x na M\u0142odzie\u017cwowych Mistrzostwach Europy w Hazewinkel, Belgia .<\/div>\n<\/div>\n<div class=\"l7ghb35v kjdc1dyq kmwttqpk gh25dzvf jikcssrz n3t5jt4f\">\n<div dir=\"auto\">Piotr P\u0142omi\u0144ski pokaza\u0142 ogromn\u0105 dominacj\u0119 w m\u0119skich jedynkach wygrywaj\u0105c z czasem 07:13,53&nbsp;. Drugi na linii mety zameldowa\u0142 si\u0119 Bu\u0142gar Emil Nejkow (07:19,65), a trzeci Niemiec Aaron Erfanin (07:21,89).<\/div>\n<div dir=\"auto\">&nbsp;<\/div>\n<\/div>\n<div class=\"l7ghb35v kjdc1dyq kmwttqpk gh25dzvf jikcssrz n3t5jt4f\">\n<div dir=\"auto\">Konrad Doma\u0144ski w duecie z Miko\u0142ajem Kulk\u0105, zako\u0144czyli rywalizacj\u0119 na pi\u0105tym miejscu z czasem 06:34,26.<\/div>\n<\/div>\n<div class=\"l7ghb35v kjdc1dyq kmwttqpk gh25dzvf jikcssrz n3t5jt4f\">\n<div dir=\"auto\">&nbsp;<\/div>\n<div dir=\"auto\">OGROMNE GRATULACJE PANOWIE.<\/div>\n<div dir=\"auto\">JESTE\u015aMY DUMNI.<\/div>\n<\/div>\n<div dir=\"auto\">&nbsp;<\/div>\n<div dir=\"auto\"><a href=\"https:\/\/wpserwis.cfolks.pl\/r2\/wp-content\/uploads\/2022\/09\/305466617_1059632238086564_2372415595834671694_n.jpg\"><img loading=\"lazy\" decoding=\"async\" class=\"alignnone size-medium wp-image-28250\" src=\"https:\/\/wpserwis.cfolks.pl\/r2\/wp-content\/uploads\/2022\/09\/305466617_1059632238086564_2372415595834671694_n-300x200.jpg\" alt=\"\" width=\"300\" height=\"200\"><\/a><a href=\"https:\/\/wpserwis.cfolks.pl\/r2\/wp-content\/uploads\/2022\/09\/304857786_5803053553061106_1180011845682217289_n.jpg\"><img loading=\"lazy\" decoding=\"async\" class=\"alignnone size-medium wp-image-28235\" src=\"https:\/\/wpserwis.cfolks.pl\/r2\/wp-content\/uploads\/2022\/09\/304857786_5803053553061106_1180011845682217289_n-300x200.jpg\" alt=\"\" width=\"300\" height=\"200\"><\/a><a href=\"https:\/\/wpserwis.cfolks.pl\/r2\/wp-content\/uploads\/2022\/09\/305211094_5803053549727773_3115585858430266985_n.jpg\"><img loading=\"lazy\" decoding=\"async\" class=\"alignnone size-medium wp-image-28237\" src=\"https:\/\/wpserwis.cfolks.pl\/r2\/wp-content\/uploads\/2022\/09\/305211094_5803053549727773_3115585858430266985_n-300x200.jpg\" alt=\"\" width=\"300\" height=\"200\"><\/a><a href=\"https:\/\/wpserwis.cfolks.pl\/r2\/wp-content\/uploads\/2022\/09\/303355890_5803053539727774_8563229105894633253_n.jpg\"><img loading=\"lazy\" decoding=\"async\" class=\"alignnone size-medium wp-image-28236\" src=\"https:\/\/wpserwis.cfolks.pl\/r2\/wp-content\/uploads\/2022\/09\/303355890_5803053539727774_8563229105894633253_n-300x200.jpg\" alt=\"\" width=\"300\" height=\"200\"><\/a><a href=\"https:\/\/wpserwis.cfolks.pl\/r2\/wp-content\/uploads\/2022\/09\/305203736_5803053556394439_8711473314296173846_n.jpg\"><img loading=\"lazy\" decoding=\"async\" class=\"alignnone size-medium wp-image-28234\" src=\"https:\/\/wpserwis.cfolks.pl\/r2\/wp-content\/uploads\/2022\/09\/305203736_5803053556394439_8711473314296173846_n-300x200.jpg\" alt=\"\" width=\"300\" height=\"200\"><\/a>&nbsp;<\/div>\n<div dir=\"auto\">&nbsp;<\/div>\n<div class=\"l7ghb35v kjdc1dyq kmwttqpk gh25dzvf jikcssrz n3t5jt4f\">\n<div dir=\"auto\"><span class=\"fxk3tzhb b2rh1bv3 gh55jysx m8h3af8h ewco64xe kjdc1dyq ms56khn7 bq6c9xl4 eohcrkr5 akh3l2rg\"><img loading=\"lazy\" decoding=\"async\" src=\"https:\/\/static.xx.fbcdn.net\/images\/emoji.php\/v9\/tde\/1\/16\/1f4f8.png\" alt=\"\ud83d\udcf8\" width=\"16\" height=\"16\"><\/span> @juliakowacicfoto<\/div>\n<\/div>\n<div dir=\"auto\">&nbsp;<\/div>\n<div dir=\"auto\">&nbsp;<\/div>\n<div dir=\"auto\">&nbsp;<\/div>\n<div dir=\"auto\">&nbsp;<\/div>\n<div dir=\"auto\">.<\/div>\n","protected":false},"excerpt":{"rendered":"<p>Piotr P\u0142omi\u0144ski Mistrzem Europy. Z\u0141OTO Piotrka na M1x oraz 5te miejsce Konrada na M2x na M\u0142odzie\u017cwowych Mistrzostwach Europy w Hazewinkel, Belgia . Piotr P\u0142omi\u0144ski pokaza\u0142 ogromn\u0105 dominacj\u0119 w m\u0119skich jedynkach wygrywaj\u0105c z czasem 07:13,53&nbsp;. Drugi na linii mety zameldowa\u0142 si\u0119 Bu\u0142gar Emil Nejkow (07:19,65), a trzeci Niemiec Aaron Erfanin (07:21,89). &nbsp; Konrad Doma\u0144ski w duecie [&hellip;]<\/p>\n","protected":false},"author":1,"featured_media":28249,"comment_status":"closed","ping_status":"closed","sticky":false,"template":"","format":"standard","meta":{"_acf_changed":false,"footnotes":""},"categories":[1],"tags":[],"class_list":["post-28233","post","type-post","status-publish","format-standard","has-post-thumbnail","hentry","category-bez-kategorii"],"acf":[],"_links":{"self":[{"href":"https:\/\/wpserwis.cfolks.pl\/r2\/wp-json\/wp\/v2\/posts\/28233","targetHints":{"allow":["GET"]}}],"collection":[{"href":"https:\/\/wpserwis.cfolks.pl\/r2\/wp-json\/wp\/v2\/posts"}],"about":[{"href":"https:\/\/wpserwis.cfolks.pl\/r2\/wp-json\/wp\/v2\/types\/post"}],"author":[{"embeddable":true,"href":"https:\/\/wpserwis.cfolks.pl\/r2\/wp-json\/wp\/v2\/users\/1"}],"replies":[{"embeddable":true,"href":"https:\/\/wpserwis.cfolks.pl\/r2\/wp-json\/wp\/v2\/comments?post=28233"}],"version-history":[{"count":0,"href":"https:\/\/wpserwis.cfolks.pl\/r2\/wp-json\/wp\/v2\/posts\/28233\/revisions"}],"wp:featuredmedia":[{"embeddable":true,"href":"https:\/\/wpserwis.cfolks.pl\/r2\/wp-json\/"}],"wp:attachment":[{"href":"https:\/\/wpserwis.cfolks.pl\/r2\/wp-json\/wp\/v2\/media?parent=28233"}],"wp:term":[{"taxonomy":"category","embeddable":true,"href":"https:\/\/wpserwis.cfolks.pl\/r2\/wp-json\/wp\/v2\/categories?post=28233"},{"taxonomy":"post_tag","embeddable":true,"href":"https:\/\/wpserwis.cfolks.pl\/r2\/wp-json\/wp\/v2\/tags?post=28233"}],"curies":[{"name":"wp","href":"https:\/\/api.w.org\/{rel}","templated":true}]}}