{"id":28297,"date":"2022-09-19T08:45:57","date_gmt":"2022-09-19T06:45:57","guid":{"rendered":"https:\/\/wtw.waw.pl\/?p=28297"},"modified":"2022-09-19T08:45:57","modified_gmt":"2022-09-19T06:45:57","slug":"piotr-plominski-z-awansem-do-cwiercfinalu-mistrzostw-swiata","status":"publish","type":"post","link":"https:\/\/wpserwis.cfolks.pl\/r2\/piotr-plominski-z-awansem-do-cwiercfinalu-mistrzostw-swiata\/","title":{"rendered":"PIOTR P\u0141OMI\u0143SKI Z AWANSEM DO P\u00d3\u0141FINA\u0141U MISTRZOSTW \u015aWIATA"},"content":{"rendered":"<div class=\"article_mainColum_left\">\n<div class=\"article_mainColum_left_inside\">\n<div class=\"article_socjals\">\n<div class=\"social_date\">&nbsp;<\/div>\n<\/div>\n<\/div>\n<\/div>\n<div class=\"article_mainColum_right\">\n<p class=\"firstParagraph\">W niedziel\u0119 rozpocz\u0119\u0142y si\u0119 wio\u015blarskie Mistrzostwa \u015awiata w czeskich Raciach. Pierwszego dnia zaprezentowa\u0142o si\u0119 pi\u0119\u0107 polskich osad. Wszystkie awansowa\u0142y do dalszej fazy rywalizacji.&nbsp;<\/p>\n<p>Nasz wychowanek<strong> Piotr P\u0142omi\u0144ski<\/strong> (M1x) w pierwszym swoim starcie by\u0142 trzeci w przedbiegu (06:57.40), co da\u0142o mu bezpo\u015bredni awans w rywalizacji jedynek do \u0107wier\u0107fina\u0142u. Szybsi od Polaka byli utytu\u0142owani Brytyjczyk Graeme Thomas (06:49.93) i Norweg Kjetil Borch (06:52.36).<\/p>\n<p>W \u0107wier\u0107finale Piotr ponownie pop\u0142yn\u0105\u0142 znakomicie, zajmuj\u0105c ponownie trzecie miejsce, daj\u0105ce bezpo\u015bredni awans do p\u00f3\u0142fina\u0142u.<\/p>\n<p>Przypomnijmy, \u017ce w Mistrzostwach \u015awiata startuje a\u017c 40 jedynkarzy.<\/p>\n<p>Biegi p\u00f3\u0142fina\u0142owe zaplanowane zosta\u0142y na pi\u0105tek.<\/p>\n<\/div>\n<p>fot. www.pztw.pl<\/p>\n<p><a href=\"https:\/\/wpserwis.cfolks.pl\/r2\/wp-content\/uploads\/2022\/09\/N_M1x.jpg\"><img loading=\"lazy\" decoding=\"async\" class=\"alignnone size-medium wp-image-28299\" src=\"https:\/\/wpserwis.cfolks.pl\/r2\/wp-content\/uploads\/2022\/09\/N_M1x-300x202.jpg\" alt=\"\" width=\"300\" height=\"202\"><\/a><\/p>\n<p>.<\/p>\n","protected":false},"excerpt":{"rendered":"<p>&nbsp; W niedziel\u0119 rozpocz\u0119\u0142y si\u0119 wio\u015blarskie Mistrzostwa \u015awiata w czeskich Raciach. Pierwszego dnia zaprezentowa\u0142o si\u0119 pi\u0119\u0107 polskich osad. Wszystkie awansowa\u0142y do dalszej fazy rywalizacji.&nbsp; Nasz wychowanek Piotr P\u0142omi\u0144ski (M1x) w pierwszym swoim starcie by\u0142 trzeci w przedbiegu (06:57.40), co da\u0142o mu bezpo\u015bredni awans w rywalizacji jedynek do \u0107wier\u0107fina\u0142u. Szybsi od Polaka byli utytu\u0142owani Brytyjczyk Graeme [&hellip;]<\/p>\n","protected":false},"author":1,"featured_media":28298,"comment_status":"closed","ping_status":"closed","sticky":false,"template":"","format":"standard","meta":{"_acf_changed":false,"footnotes":""},"categories":[1],"tags":[],"class_list":["post-28297","post","type-post","status-publish","format-standard","has-post-thumbnail","hentry","category-bez-kategorii"],"acf":[],"_links":{"self":[{"href":"https:\/\/wpserwis.cfolks.pl\/r2\/wp-json\/wp\/v2\/posts\/28297","targetHints":{"allow":["GET"]}}],"collection":[{"href":"https:\/\/wpserwis.cfolks.pl\/r2\/wp-json\/wp\/v2\/posts"}],"about":[{"href":"https:\/\/wpserwis.cfolks.pl\/r2\/wp-json\/wp\/v2\/types\/post"}],"author":[{"embeddable":true,"href":"https:\/\/wpserwis.cfolks.pl\/r2\/wp-json\/wp\/v2\/users\/1"}],"replies":[{"embeddable":true,"href":"https:\/\/wpserwis.cfolks.pl\/r2\/wp-json\/wp\/v2\/comments?post=28297"}],"version-history":[{"count":0,"href":"https:\/\/wpserwis.cfolks.pl\/r2\/wp-json\/wp\/v2\/posts\/28297\/revisions"}],"wp:featuredmedia":[{"embeddable":true,"href":"https:\/\/wpserwis.cfolks.pl\/r2\/wp-json\/"}],"wp:attachment":[{"href":"https:\/\/wpserwis.cfolks.pl\/r2\/wp-json\/wp\/v2\/media?parent=28297"}],"wp:term":[{"taxonomy":"category","embeddable":true,"href":"https:\/\/wpserwis.cfolks.pl\/r2\/wp-json\/wp\/v2\/categories?post=28297"},{"taxonomy":"post_tag","embeddable":true,"href":"https:\/\/wpserwis.cfolks.pl\/r2\/wp-json\/wp\/v2\/tags?post=28297"}],"curies":[{"name":"wp","href":"https:\/\/api.w.org\/{rel}","templated":true}]}}