{"id":28301,"date":"2022-09-21T08:20:31","date_gmt":"2022-09-21T06:20:31","guid":{"rendered":"https:\/\/wtw.waw.pl\/?p=28301"},"modified":"2022-09-21T08:20:31","modified_gmt":"2022-09-21T06:20:31","slug":"mistrzostwa-polski-w-maratonie-kajakowym","status":"publish","type":"post","link":"https:\/\/wpserwis.cfolks.pl\/r2\/mistrzostwa-polski-w-maratonie-kajakowym\/","title":{"rendered":"MISTRZOSTWA POLSKI W MARATONIE KAJAKOWYM"},"content":{"rendered":"<div class=\"m8h3af8h l7ghb35v kjdc1dyq kmwttqpk gh25dzvf n3t5jt4f\">\n<div dir=\"auto\">W miniony weekend (16-18.09, Turawa) odby\u0142y si\u0119 Mistrzostwa Polski w maratonie kajakowm.<\/div>\n<\/div>\n<div class=\"l7ghb35v kjdc1dyq kmwttqpk gh25dzvf jikcssrz n3t5jt4f\">\n<div dir=\"auto\">&nbsp;<\/div>\n<div dir=\"auto\">Wyniki:<\/div>\n<\/div>\n<div class=\"l7ghb35v kjdc1dyq kmwttqpk gh25dzvf jikcssrz n3t5jt4f\">\n<div dir=\"auto\"><span class=\"fxk3tzhb b2rh1bv3 gh55jysx m8h3af8h ewco64xe kjdc1dyq ms56khn7 bq6c9xl4 eohcrkr5 akh3l2rg\"><img loading=\"lazy\" decoding=\"async\" src=\"https:\/\/static.xx.fbcdn.net\/images\/emoji.php\/v9\/t24\/2\/16\/3030.png\" alt=\"\u3030\ufe0f\" width=\"16\" height=\"16\"><\/span>K1 28 km Damian Siwiecki 6 miejsce<\/div>\n<div dir=\"auto\"><span class=\"fxk3tzhb b2rh1bv3 gh55jysx m8h3af8h ewco64xe kjdc1dyq ms56khn7 bq6c9xl4 eohcrkr5 akh3l2rg\"><img loading=\"lazy\" decoding=\"async\" src=\"https:\/\/static.xx.fbcdn.net\/images\/emoji.php\/v9\/t24\/2\/16\/3030.png\" alt=\"\u3030\ufe0f\" width=\"16\" height=\"16\"><\/span>Franciszek Mularczyk 14 km 5 miejsce<\/div>\n<div dir=\"auto\"><span class=\"fxk3tzhb b2rh1bv3 gh55jysx m8h3af8h ewco64xe kjdc1dyq ms56khn7 bq6c9xl4 eohcrkr5 akh3l2rg\"><img loading=\"lazy\" decoding=\"async\" src=\"https:\/\/static.xx.fbcdn.net\/images\/emoji.php\/v9\/t24\/2\/16\/3030.png\" alt=\"\u3030\ufe0f\" width=\"16\" height=\"16\"><\/span>K1 3,5 km Damian Siwiecki 6 miejsce<\/div>\n<\/div>\n<div class=\"l7ghb35v kjdc1dyq kmwttqpk gh25dzvf jikcssrz n3t5jt4f\">\n<div dir=\"auto\">&nbsp;<\/div>\n<div dir=\"auto\">Jak wida\u0107 nasz trener Damian i Franek w ca\u0142kiej niez\u0142ej formie.<\/div>\n<\/div>\n<div class=\"l7ghb35v kjdc1dyq kmwttqpk gh25dzvf jikcssrz n3t5jt4f\">\n<div dir=\"auto\">&nbsp;<\/div>\n<div dir=\"auto\">Gratulujemy wynik\u00f3w .<\/div>\n<\/div>\n<div dir=\"auto\"><a href=\"https:\/\/wpserwis.cfolks.pl\/r2\/wp-content\/uploads\/2022\/09\/306595247_5846299265403201_1504417471812148458_n.jpg\"><img loading=\"lazy\" decoding=\"async\" class=\"alignnone size-medium wp-image-28303\" src=\"https:\/\/wpserwis.cfolks.pl\/r2\/wp-content\/uploads\/2022\/09\/306595247_5846299265403201_1504417471812148458_n-300x203.jpg\" alt=\"\" width=\"300\" height=\"203\"><\/a> <a href=\"https:\/\/wpserwis.cfolks.pl\/r2\/wp-content\/uploads\/2022\/09\/307464177_5846299248736536_7318713224854519849_n.jpg\"><img loading=\"lazy\" decoding=\"async\" class=\"alignnone size-medium wp-image-28304\" src=\"https:\/\/wpserwis.cfolks.pl\/r2\/wp-content\/uploads\/2022\/09\/307464177_5846299248736536_7318713224854519849_n-300x203.jpg\" alt=\"\" width=\"300\" height=\"203\"><\/a> <a href=\"https:\/\/wpserwis.cfolks.pl\/r2\/wp-content\/uploads\/2022\/09\/307100785_5846299255403202_8374567977782776654_n.jpg\"><img loading=\"lazy\" decoding=\"async\" class=\"alignnone size-medium wp-image-28305\" src=\"https:\/\/wpserwis.cfolks.pl\/r2\/wp-content\/uploads\/2022\/09\/307100785_5846299255403202_8374567977782776654_n-300x203.jpg\" alt=\"\" width=\"300\" height=\"203\"><\/a> <a href=\"https:\/\/wpserwis.cfolks.pl\/r2\/wp-content\/uploads\/2022\/09\/307949959_5846299252069869_5073027810322256122_n.jpg\"><img loading=\"lazy\" decoding=\"async\" class=\"alignnone size-medium wp-image-28306\" src=\"https:\/\/wpserwis.cfolks.pl\/r2\/wp-content\/uploads\/2022\/09\/307949959_5846299252069869_5073027810322256122_n-300x203.jpg\" alt=\"\" width=\"300\" height=\"203\"><\/a><\/div>\n","protected":false},"excerpt":{"rendered":"<p>W miniony weekend (16-18.09, Turawa) odby\u0142y si\u0119 Mistrzostwa Polski w maratonie kajakowm. &nbsp; Wyniki: K1 28 km Damian Siwiecki 6 miejsce Franciszek Mularczyk 14 km 5 miejsce K1 3,5 km Damian Siwiecki 6 miejsce &nbsp; Jak wida\u0107 nasz trener Damian i Franek w ca\u0142kiej niez\u0142ej formie. &nbsp; Gratulujemy wynik\u00f3w .<\/p>\n","protected":false},"author":1,"featured_media":28302,"comment_status":"closed","ping_status":"closed","sticky":false,"template":"","format":"standard","meta":{"_acf_changed":false,"footnotes":""},"categories":[1],"tags":[],"class_list":["post-28301","post","type-post","status-publish","format-standard","has-post-thumbnail","hentry","category-bez-kategorii"],"acf":[],"_links":{"self":[{"href":"https:\/\/wpserwis.cfolks.pl\/r2\/wp-json\/wp\/v2\/posts\/28301","targetHints":{"allow":["GET"]}}],"collection":[{"href":"https:\/\/wpserwis.cfolks.pl\/r2\/wp-json\/wp\/v2\/posts"}],"about":[{"href":"https:\/\/wpserwis.cfolks.pl\/r2\/wp-json\/wp\/v2\/types\/post"}],"author":[{"embeddable":true,"href":"https:\/\/wpserwis.cfolks.pl\/r2\/wp-json\/wp\/v2\/users\/1"}],"replies":[{"embeddable":true,"href":"https:\/\/wpserwis.cfolks.pl\/r2\/wp-json\/wp\/v2\/comments?post=28301"}],"version-history":[{"count":0,"href":"https:\/\/wpserwis.cfolks.pl\/r2\/wp-json\/wp\/v2\/posts\/28301\/revisions"}],"wp:featuredmedia":[{"embeddable":true,"href":"https:\/\/wpserwis.cfolks.pl\/r2\/wp-json\/"}],"wp:attachment":[{"href":"https:\/\/wpserwis.cfolks.pl\/r2\/wp-json\/wp\/v2\/media?parent=28301"}],"wp:term":[{"taxonomy":"category","embeddable":true,"href":"https:\/\/wpserwis.cfolks.pl\/r2\/wp-json\/wp\/v2\/categories?post=28301"},{"taxonomy":"post_tag","embeddable":true,"href":"https:\/\/wpserwis.cfolks.pl\/r2\/wp-json\/wp\/v2\/tags?post=28301"}],"curies":[{"name":"wp","href":"https:\/\/api.w.org\/{rel}","templated":true}]}}