{"id":28325,"date":"2022-09-26T08:46:08","date_gmt":"2022-09-26T06:46:08","guid":{"rendered":"https:\/\/wtw.waw.pl\/?p=28325"},"modified":"2022-09-26T08:46:08","modified_gmt":"2022-09-26T06:46:08","slug":"ludzie-z-mazowsza-sportowy-duch-joanny-dorociak","status":"publish","type":"post","link":"https:\/\/wpserwis.cfolks.pl\/r2\/ludzie-z-mazowsza-sportowy-duch-joanny-dorociak\/","title":{"rendered":"LUDZIE Z MAZOWSZA &#8211; SPORTOWY DUCH JOANNY DOROCIAK"},"content":{"rendered":"<p><span class=\"gvxzyvdx aeinzg81 t7p7dqev gh25dzvf tb6i94ri gupuyl1y i2onq4tn b6ax4al1 gem102v4 ncib64c9 mrvwc6qr sx8pxkcf f597kf1v cpcgwwas m2nijcs8 hxfwr5lz k1z55t6l oog5qr5w tes86rjd pbevjfx6\" dir=\"auto\">Bardzo nam mi\u0142o poinformowa\u0107, \u017ce na antenie TVP 3 Warszawa, wyemitowany zosta\u0142 odcinek programu Ludzie z Mazowsza po\u015bwi\u0119cony osobie naszej zawodniczki , obecnie trenerce grup amatorskich, Joannie Dorociak.<\/span><\/p>\n<p>Jest w nim du\u017co o karierze sportowej Joanny, jak i samym Towarzystwie.<\/p>\n<p>Materia\u0142 by\u0142 nagrywany przed tegorocznymi wakacjami, a premiera mia\u0142a miejsce kilka dni temu, we wrze\u015bniu.<\/p>\n<p><span class=\"gvxzyvdx aeinzg81 t7p7dqev gh25dzvf tb6i94ri gupuyl1y i2onq4tn b6ax4al1 gem102v4 ncib64c9 mrvwc6qr sx8pxkcf f597kf1v cpcgwwas m2nijcs8 hxfwr5lz k1z55t6l oog5qr5w tes86rjd pbevjfx6\" dir=\"auto\"> &#8222;Ludzie z Mazowsza&#8221; to program redaktora Paw\u0142a Pochwa\u0142y, przedstawiaj\u0105cy sylwetki tych znanych i tych troch\u0119 mniej znanych, mieszka\u0144c\u00f3w naszego regionu.<\/span><\/p>\n<p><span class=\"gvxzyvdx aeinzg81 t7p7dqev gh25dzvf tb6i94ri gupuyl1y i2onq4tn b6ax4al1 gem102v4 ncib64c9 mrvwc6qr sx8pxkcf f597kf1v cpcgwwas m2nijcs8 hxfwr5lz k1z55t6l oog5qr5w tes86rjd pbevjfx6\" dir=\"auto\">Zapraszamy do ogl\u0105dania<br \/>\n<\/span><\/p>\n<h3><span class=\"gvxzyvdx aeinzg81 t7p7dqev gh25dzvf tb6i94ri gupuyl1y i2onq4tn b6ax4al1 gem102v4 ncib64c9 mrvwc6qr sx8pxkcf f597kf1v cpcgwwas m2nijcs8 hxfwr5lz k1z55t6l oog5qr5w tes86rjd pbevjfx6\" dir=\"auto\"><strong><a href=\"https:\/\/m.youtube.com\/watch?v=LeNQ5mf-xAc&amp;feature=youtu.be\"><span style=\"color: #3366ff;\">ZOBACZ MATERIA\u0141 FILMOWY<\/span><\/a><\/strong><br \/>\n<\/span><\/h3>\n<p>&nbsp;<\/p>\n<p>&nbsp;<\/p>\n<p>&nbsp;<\/p>\n<p>.<\/p>\n<p>&nbsp;<\/p>\n","protected":false},"excerpt":{"rendered":"<p>Bardzo nam mi\u0142o poinformowa\u0107, \u017ce na antenie TVP 3 Warszawa, wyemitowany zosta\u0142 odcinek programu Ludzie z Mazowsza po\u015bwi\u0119cony osobie naszej zawodniczki , obecnie trenerce grup amatorskich, Joannie Dorociak. Jest w nim du\u017co o karierze sportowej Joanny, jak i samym Towarzystwie. Materia\u0142 by\u0142 nagrywany przed tegorocznymi wakacjami, a premiera mia\u0142a miejsce kilka dni temu, we wrze\u015bniu. [&hellip;]<\/p>\n","protected":false},"author":1,"featured_media":28326,"comment_status":"closed","ping_status":"closed","sticky":false,"template":"","format":"standard","meta":{"_acf_changed":false,"footnotes":""},"categories":[1],"tags":[],"class_list":["post-28325","post","type-post","status-publish","format-standard","has-post-thumbnail","hentry","category-bez-kategorii"],"acf":[],"_links":{"self":[{"href":"https:\/\/wpserwis.cfolks.pl\/r2\/wp-json\/wp\/v2\/posts\/28325","targetHints":{"allow":["GET"]}}],"collection":[{"href":"https:\/\/wpserwis.cfolks.pl\/r2\/wp-json\/wp\/v2\/posts"}],"about":[{"href":"https:\/\/wpserwis.cfolks.pl\/r2\/wp-json\/wp\/v2\/types\/post"}],"author":[{"embeddable":true,"href":"https:\/\/wpserwis.cfolks.pl\/r2\/wp-json\/wp\/v2\/users\/1"}],"replies":[{"embeddable":true,"href":"https:\/\/wpserwis.cfolks.pl\/r2\/wp-json\/wp\/v2\/comments?post=28325"}],"version-history":[{"count":0,"href":"https:\/\/wpserwis.cfolks.pl\/r2\/wp-json\/wp\/v2\/posts\/28325\/revisions"}],"wp:featuredmedia":[{"embeddable":true,"href":"https:\/\/wpserwis.cfolks.pl\/r2\/wp-json\/"}],"wp:attachment":[{"href":"https:\/\/wpserwis.cfolks.pl\/r2\/wp-json\/wp\/v2\/media?parent=28325"}],"wp:term":[{"taxonomy":"category","embeddable":true,"href":"https:\/\/wpserwis.cfolks.pl\/r2\/wp-json\/wp\/v2\/categories?post=28325"},{"taxonomy":"post_tag","embeddable":true,"href":"https:\/\/wpserwis.cfolks.pl\/r2\/wp-json\/wp\/v2\/tags?post=28325"}],"curies":[{"name":"wp","href":"https:\/\/api.w.org\/{rel}","templated":true}]}}