{"id":28333,"date":"2022-09-26T08:51:02","date_gmt":"2022-09-26T06:51:02","guid":{"rendered":"https:\/\/wtw.waw.pl\/?p=28333"},"modified":"2022-09-26T08:51:02","modified_gmt":"2022-09-26T06:51:02","slug":"oswoj-wisle-zakonczylismy-edycje-wrzesniowa","status":"publish","type":"post","link":"https:\/\/wpserwis.cfolks.pl\/r2\/oswoj-wisle-zakonczylismy-edycje-wrzesniowa\/","title":{"rendered":"&#8222;OSW\u00d3J WIS\u0141\u0118&#8221; &#8211; ZAKO\u0143CZYLI\u015aMY EDYCJ\u0118 WRZE\u015aNIOW\u0104"},"content":{"rendered":"<div class=\"m8h3af8h l7ghb35v kjdc1dyq kmwttqpk gh25dzvf n3t5jt4f\">\n<div dir=\"auto\">W ten przepi\u0119kny niedzielny poranek zako\u0144czyli\u015bmy wrze\u015bniow\u0105 edycj\u0119 Programu &#8222;OSW\u00d3J WIS\u0141\u0118&#8221; finansowanego ze \u015brodk\u00f3w Miasta Sto\u0142ecznego Warszawy.<\/div>\n<\/div>\n<div class=\"l7ghb35v kjdc1dyq kmwttqpk gh25dzvf jikcssrz n3t5jt4f\">\n<div dir=\"auto\">Dzi\u0119kujemy za wsp\u00f3lne Oswajanie tej trudnej rzeki i mamy nadziej\u0119 do zobaczenia na wodzie<span class=\"fxk3tzhb b2rh1bv3 gh55jysx m8h3af8h ewco64xe kjdc1dyq ms56khn7 bq6c9xl4 eohcrkr5 akh3l2rg\">.<\/span><\/div>\n<\/div>\n<div class=\"l7ghb35v kjdc1dyq kmwttqpk gh25dzvf jikcssrz n3t5jt4f\">\n<div dir=\"auto\">&nbsp;<\/div>\n<div dir=\"auto\">Ps. W kolejny weekend rozpoczynamy edycj\u0119 pa\u017adziernikow\u0105. Oby pogoda by\u0142a dla Nas r\u00f3wnie \u0142askawa<span class=\"fxk3tzhb b2rh1bv3 gh55jysx m8h3af8h ewco64xe kjdc1dyq ms56khn7 bq6c9xl4 eohcrkr5 akh3l2rg\">.<\/span><\/div>\n<\/div>\n<div dir=\"auto\">&nbsp;<\/div>\n<div dir=\"auto\">&nbsp;<\/div>\n<div dir=\"auto\">&nbsp;<\/div>\n<div dir=\"auto\">&nbsp;<\/div>\n<div dir=\"auto\">&nbsp;<\/div>\n<div dir=\"auto\">&nbsp;<\/div>\n<div dir=\"auto\">&nbsp;<\/div>\n<div dir=\"auto\">.<\/div>\n","protected":false},"excerpt":{"rendered":"<p>W ten przepi\u0119kny niedzielny poranek zako\u0144czyli\u015bmy wrze\u015bniow\u0105 edycj\u0119 Programu &#8222;OSW\u00d3J WIS\u0141\u0118&#8221; finansowanego ze \u015brodk\u00f3w Miasta Sto\u0142ecznego Warszawy. Dzi\u0119kujemy za wsp\u00f3lne Oswajanie tej trudnej rzeki i mamy nadziej\u0119 do zobaczenia na wodzie. &nbsp; Ps. W kolejny weekend rozpoczynamy edycj\u0119 pa\u017adziernikow\u0105. Oby pogoda by\u0142a dla Nas r\u00f3wnie \u0142askawa. &nbsp; &nbsp; &nbsp; &nbsp; &nbsp; &nbsp; &nbsp; .<\/p>\n","protected":false},"author":1,"featured_media":28334,"comment_status":"closed","ping_status":"closed","sticky":false,"template":"","format":"standard","meta":{"_acf_changed":false,"footnotes":""},"categories":[1],"tags":[],"class_list":["post-28333","post","type-post","status-publish","format-standard","has-post-thumbnail","hentry","category-bez-kategorii"],"acf":[],"_links":{"self":[{"href":"https:\/\/wpserwis.cfolks.pl\/r2\/wp-json\/wp\/v2\/posts\/28333","targetHints":{"allow":["GET"]}}],"collection":[{"href":"https:\/\/wpserwis.cfolks.pl\/r2\/wp-json\/wp\/v2\/posts"}],"about":[{"href":"https:\/\/wpserwis.cfolks.pl\/r2\/wp-json\/wp\/v2\/types\/post"}],"author":[{"embeddable":true,"href":"https:\/\/wpserwis.cfolks.pl\/r2\/wp-json\/wp\/v2\/users\/1"}],"replies":[{"embeddable":true,"href":"https:\/\/wpserwis.cfolks.pl\/r2\/wp-json\/wp\/v2\/comments?post=28333"}],"version-history":[{"count":0,"href":"https:\/\/wpserwis.cfolks.pl\/r2\/wp-json\/wp\/v2\/posts\/28333\/revisions"}],"wp:featuredmedia":[{"embeddable":true,"href":"https:\/\/wpserwis.cfolks.pl\/r2\/wp-json\/"}],"wp:attachment":[{"href":"https:\/\/wpserwis.cfolks.pl\/r2\/wp-json\/wp\/v2\/media?parent=28333"}],"wp:term":[{"taxonomy":"category","embeddable":true,"href":"https:\/\/wpserwis.cfolks.pl\/r2\/wp-json\/wp\/v2\/categories?post=28333"},{"taxonomy":"post_tag","embeddable":true,"href":"https:\/\/wpserwis.cfolks.pl\/r2\/wp-json\/wp\/v2\/tags?post=28333"}],"curies":[{"name":"wp","href":"https:\/\/api.w.org\/{rel}","templated":true}]}}