{"id":28337,"date":"2022-09-26T09:02:51","date_gmt":"2022-09-26T07:02:51","guid":{"rendered":"https:\/\/wtw.waw.pl\/?p=28337"},"modified":"2022-09-26T09:02:51","modified_gmt":"2022-09-26T07:02:51","slug":"piotr-plominski-piaty-w-finale-b-mistrzostw-swiata","status":"publish","type":"post","link":"https:\/\/wpserwis.cfolks.pl\/r2\/piotr-plominski-piaty-w-finale-b-mistrzostw-swiata\/","title":{"rendered":"PIOTR P\u0141OMI\u0143SKI PI\u0104TY W FINALE B MISTRZOSTW \u015aWIATA"},"content":{"rendered":"<p>Piotr P\u0142omi\u0144ski, zaj\u0105\u0142 pi\u0105te miejsce w finale B wio\u015blarskich Mistrzostw \u015awiata. Wcze\u015bniej, niestety nie uda\u0142o si\u0119 Piotrowi awansowa\u0107 do fina\u0142u, zajmuj\u0105c w p\u00f3\u0142finale pi\u0105te miejsce.<\/p>\n<p>To by\u0142y pe\u0142ne sportowych emocji wio\u015blarskie Mistrzostwa \u015awiata. Serca bi\u0142y mocniej kiedy na starcie stawa\u0142 nasz wychowanek, \u015bwie\u017co upieczony M\u0142odzie\u017cowy Mistrz Europy.<\/p>\n<p>Do p\u00f3\u0142fina\u0142u szed\u0142 jak burza i dopiero tam musia\u0142 uzna\u0107 wy\u017cszo\u015b\u0107 rywali, a tych w sumie stawi\u0142o si\u0119 na czeskim torze regatowym, a\u017c 40. Finalnie Piotrek zaj\u0105\u0142 11 miejsce.<\/p>\n<p>Jedynka wio\u015blarska to ci\u0119\u017cka konkurencja. Piotr to jeszcze bardzo m\u0142ody zawodnik, kt\u00f3ry rywalizuje ju\u017c z najlepszymi i zbiera bardzo cenne do\u015bwiadczenie.<\/p>\n<p>My jeste\u015bmy dumni z naszego zawodnika i dzi\u0119kujemy mu za walk\u0119 i te emocje !<\/p>\n<p>&nbsp;<\/p>\n<p>&nbsp;<\/p>\n<p>&nbsp;<\/p>\n<p>.<\/p>\n<p>&nbsp;<\/p>\n","protected":false},"excerpt":{"rendered":"<p>Piotr P\u0142omi\u0144ski, zaj\u0105\u0142 pi\u0105te miejsce w finale B wio\u015blarskich Mistrzostw \u015awiata. Wcze\u015bniej, niestety nie uda\u0142o si\u0119 Piotrowi awansowa\u0107 do fina\u0142u, zajmuj\u0105c w p\u00f3\u0142finale pi\u0105te miejsce. To by\u0142y pe\u0142ne sportowych emocji wio\u015blarskie Mistrzostwa \u015awiata. Serca bi\u0142y mocniej kiedy na starcie stawa\u0142 nasz wychowanek, \u015bwie\u017co upieczony M\u0142odzie\u017cowy Mistrz Europy. Do p\u00f3\u0142fina\u0142u szed\u0142 jak burza i dopiero tam [&hellip;]<\/p>\n","protected":false},"author":1,"featured_media":28234,"comment_status":"closed","ping_status":"closed","sticky":false,"template":"","format":"standard","meta":{"_acf_changed":false,"footnotes":""},"categories":[1],"tags":[],"class_list":["post-28337","post","type-post","status-publish","format-standard","has-post-thumbnail","hentry","category-bez-kategorii"],"acf":[],"_links":{"self":[{"href":"https:\/\/wpserwis.cfolks.pl\/r2\/wp-json\/wp\/v2\/posts\/28337","targetHints":{"allow":["GET"]}}],"collection":[{"href":"https:\/\/wpserwis.cfolks.pl\/r2\/wp-json\/wp\/v2\/posts"}],"about":[{"href":"https:\/\/wpserwis.cfolks.pl\/r2\/wp-json\/wp\/v2\/types\/post"}],"author":[{"embeddable":true,"href":"https:\/\/wpserwis.cfolks.pl\/r2\/wp-json\/wp\/v2\/users\/1"}],"replies":[{"embeddable":true,"href":"https:\/\/wpserwis.cfolks.pl\/r2\/wp-json\/wp\/v2\/comments?post=28337"}],"version-history":[{"count":0,"href":"https:\/\/wpserwis.cfolks.pl\/r2\/wp-json\/wp\/v2\/posts\/28337\/revisions"}],"wp:featuredmedia":[{"embeddable":true,"href":"https:\/\/wpserwis.cfolks.pl\/r2\/wp-json\/"}],"wp:attachment":[{"href":"https:\/\/wpserwis.cfolks.pl\/r2\/wp-json\/wp\/v2\/media?parent=28337"}],"wp:term":[{"taxonomy":"category","embeddable":true,"href":"https:\/\/wpserwis.cfolks.pl\/r2\/wp-json\/wp\/v2\/categories?post=28337"},{"taxonomy":"post_tag","embeddable":true,"href":"https:\/\/wpserwis.cfolks.pl\/r2\/wp-json\/wp\/v2\/tags?post=28337"}],"curies":[{"name":"wp","href":"https:\/\/api.w.org\/{rel}","templated":true}]}}