{"id":28340,"date":"2022-09-26T10:51:14","date_gmt":"2022-09-26T08:51:14","guid":{"rendered":"https:\/\/wtw.waw.pl\/?p=28340"},"modified":"2022-09-26T10:51:14","modified_gmt":"2022-09-26T08:51:14","slug":"rusza-wioslarski-tytan-warszawy-edycja-8-2","status":"publish","type":"post","link":"https:\/\/wpserwis.cfolks.pl\/r2\/rusza-wioslarski-tytan-warszawy-edycja-8-2\/","title":{"rendered":"WIO\u015aLARSKI TYTAN WARSZAWY &#8211; \u015aR\u00d3DMIE\u015aCIE 28.09."},"content":{"rendered":"<p>Jeste\u015bmy niezwykle podekscytowani, \u017ce w ko\u0144cu ruszamy z kolejn\u0105 \u00f3sm\u0105 edycj\u0105 Wio\u015blarskiego Tytana Warszawy.<\/p>\n<p>Zaczynamy 28.09 (\u015broda) w dzielnicy \u015ar\u00f3dmie\u015bcie, hala Solec. Startujemy od godziny 09:30.<\/p>\n<p>Zapisy: wtw@wtw.waw.pl<\/p>\n<p>Regulaminy, zgody i kalendarz wszystkich zawod\u00f3w dost\u0119pny jest tutaj: <strong><a href=\"https:\/\/wpserwis.cfolks.pl\/r2\/tytan\/\">WIO\u015aLARSKI TYTAN WARSZAWY<\/a><\/strong><\/p>\n<p>&nbsp;<\/p>\n<p>Zaplanowali\u015bmy, a\u017c 11 eliminacji, kt\u00f3re mamy zamiar przeprowadzi\u0107 do ko\u0144ca listopada br., \u017ceby w grudniu (data jeszcze w fazie ustalania) w OSiR Mokot\u00f3w przeprowadzi\u0107 Wielki Fina\u0142, wy\u0142oni\u0107 najlepszych i przekaza\u0107 najlepszej szkole nagrod\u0119 g\u0142\u00f3wn\u0105 &#8211; profesjonalny ergometr Concept2.<\/p>\n<p>Eliminacje odb\u0119d\u0105 si\u0119 w dzielnicach: \u015ar\u00f3dmie\u015bcie, W\u0142ochy, Bemowo, Mokot\u00f3w, Wilan\u00f3w, Ursus, Ursyn\u00f3w, Bielany, Bia\u0142o\u0142\u0119ka, Targ\u00f3wek, Wola.<\/p>\n<p>Nie czekaj tylko zapisz swoj\u0105 szko\u0142\u0119 do 8 edycji Wio\u015blarskiego Tytana Warszawy !<\/p>\n<p>&nbsp;<\/p>\n<p>&nbsp;<\/p>\n<p><a href=\"https:\/\/wpserwis.cfolks.pl\/r2\/wp-content\/uploads\/2022\/09\/plakat-S%CC%81RO%CC%81DMIES%CC%81CIE-2022-01-scaled.jpg\"><img loading=\"lazy\" decoding=\"async\" class=\"alignnone size-medium wp-image-28255\" src=\"https:\/\/wpserwis.cfolks.pl\/r2\/wp-content\/uploads\/2022\/09\/plakat-S%CC%81RO%CC%81DMIES%CC%81CIE-2022-01-212x300.jpg\" alt=\"\" width=\"212\" height=\"300\"><\/a> <a href=\"https:\/\/wpserwis.cfolks.pl\/r2\/wp-content\/uploads\/2022\/09\/plakat-Wlochy-2022-01-scaled.jpg\"><img loading=\"lazy\" decoding=\"async\" class=\"alignnone size-medium wp-image-28257\" src=\"https:\/\/wpserwis.cfolks.pl\/r2\/wp-content\/uploads\/2022\/09\/plakat-Wlochy-2022-01-212x300.jpg\" alt=\"\" width=\"212\" height=\"300\"><\/a> <a href=\"https:\/\/wpserwis.cfolks.pl\/r2\/wp-content\/uploads\/2022\/09\/plakat-Bemowo-2022-01-scaled.jpg\"><img loading=\"lazy\" decoding=\"async\" class=\"alignnone size-medium wp-image-28258\" src=\"https:\/\/wpserwis.cfolks.pl\/r2\/wp-content\/uploads\/2022\/09\/plakat-Bemowo-2022-01-212x300.jpg\" alt=\"\" width=\"212\" height=\"300\"><\/a> <a href=\"https:\/\/wpserwis.cfolks.pl\/r2\/wp-content\/uploads\/2022\/09\/plakat-Mokoto%CC%81w-2022-01-scaled.jpg\"><img loading=\"lazy\" decoding=\"async\" class=\"alignnone size-medium wp-image-28259\" src=\"https:\/\/wpserwis.cfolks.pl\/r2\/wp-content\/uploads\/2022\/09\/plakat-Mokoto%CC%81w-2022-01-212x300.jpg\" alt=\"\" width=\"212\" height=\"300\"><\/a> <a href=\"https:\/\/wpserwis.cfolks.pl\/r2\/wp-content\/uploads\/2022\/09\/plakat-Wilano%CC%81w-2022-01.jpg\"><img loading=\"lazy\" decoding=\"async\" class=\"alignnone size-medium wp-image-28260\" src=\"https:\/\/wpserwis.cfolks.pl\/r2\/wp-content\/uploads\/2022\/09\/plakat-Wilano%CC%81w-2022-01-212x300.jpg\" alt=\"\" width=\"212\" height=\"300\"><\/a> <a href=\"https:\/\/wpserwis.cfolks.pl\/r2\/wp-content\/uploads\/2022\/09\/plakat-Bielany-2022-01-scaled.jpg\"><img loading=\"lazy\" decoding=\"async\" class=\"alignnone size-medium wp-image-28261\" src=\"https:\/\/wpserwis.cfolks.pl\/r2\/wp-content\/uploads\/2022\/09\/plakat-Bielany-2022-01-212x300.jpg\" alt=\"\" width=\"212\" height=\"300\"><\/a> <a href=\"https:\/\/wpserwis.cfolks.pl\/r2\/wp-content\/uploads\/2022\/09\/plakat-Ursyno%CC%81w-2022-01-scaled.jpg\"><img loading=\"lazy\" decoding=\"async\" class=\"alignnone size-medium wp-image-28262\" src=\"https:\/\/wpserwis.cfolks.pl\/r2\/wp-content\/uploads\/2022\/09\/plakat-Ursyno%CC%81w-2022-01-212x300.jpg\" alt=\"\" width=\"212\" height=\"300\"><\/a> <a href=\"https:\/\/wpserwis.cfolks.pl\/r2\/wp-content\/uploads\/2022\/09\/plakat-Wola-2022-01-scaled.jpg\"><img loading=\"lazy\" decoding=\"async\" class=\"alignnone size-medium wp-image-28263\" src=\"https:\/\/wpserwis.cfolks.pl\/r2\/wp-content\/uploads\/2022\/09\/plakat-Wola-2022-01-212x300.jpg\" alt=\"\" width=\"212\" height=\"300\"><\/a><\/p>\n<p><a href=\"https:\/\/wpserwis.cfolks.pl\/r2\/wp-content\/uploads\/2022\/08\/Baner-www_Obszar-roboczy-1-scaled.jpg\"><img loading=\"lazy\" decoding=\"async\" class=\"alignnone size-medium wp-image-28168\" src=\"https:\/\/wpserwis.cfolks.pl\/r2\/wp-content\/uploads\/2022\/08\/Baner-www_Obszar-roboczy-1-300x102.jpg\" alt=\"\" width=\"300\" height=\"102\"><\/a><\/p>\n<p>&nbsp;<\/p>\n<p>&nbsp;<\/p>\n<p>&nbsp;<\/p>\n<p>.<\/p>\n<p>&nbsp;<\/p>\n","protected":false},"excerpt":{"rendered":"<p>Jeste\u015bmy niezwykle podekscytowani, \u017ce w ko\u0144cu ruszamy z kolejn\u0105 \u00f3sm\u0105 edycj\u0105 Wio\u015blarskiego Tytana Warszawy. Zaczynamy 28.09 (\u015broda) w dzielnicy \u015ar\u00f3dmie\u015bcie, hala Solec. Startujemy od godziny 09:30. Zapisy: wtw@wtw.waw.pl Regulaminy, zgody i kalendarz wszystkich zawod\u00f3w dost\u0119pny jest tutaj: WIO\u015aLARSKI TYTAN WARSZAWY &nbsp; Zaplanowali\u015bmy, a\u017c 11 eliminacji, kt\u00f3re mamy zamiar przeprowadzi\u0107 do ko\u0144ca listopada br., \u017ceby w [&hellip;]<\/p>\n","protected":false},"author":1,"featured_media":28143,"comment_status":"closed","ping_status":"closed","sticky":false,"template":"","format":"standard","meta":{"_acf_changed":false,"footnotes":""},"categories":[1,13],"tags":[],"class_list":["post-28340","post","type-post","status-publish","format-standard","has-post-thumbnail","hentry","category-bez-kategorii","category-tytan"],"acf":[],"_links":{"self":[{"href":"https:\/\/wpserwis.cfolks.pl\/r2\/wp-json\/wp\/v2\/posts\/28340","targetHints":{"allow":["GET"]}}],"collection":[{"href":"https:\/\/wpserwis.cfolks.pl\/r2\/wp-json\/wp\/v2\/posts"}],"about":[{"href":"https:\/\/wpserwis.cfolks.pl\/r2\/wp-json\/wp\/v2\/types\/post"}],"author":[{"embeddable":true,"href":"https:\/\/wpserwis.cfolks.pl\/r2\/wp-json\/wp\/v2\/users\/1"}],"replies":[{"embeddable":true,"href":"https:\/\/wpserwis.cfolks.pl\/r2\/wp-json\/wp\/v2\/comments?post=28340"}],"version-history":[{"count":0,"href":"https:\/\/wpserwis.cfolks.pl\/r2\/wp-json\/wp\/v2\/posts\/28340\/revisions"}],"wp:featuredmedia":[{"embeddable":true,"href":"https:\/\/wpserwis.cfolks.pl\/r2\/wp-json\/"}],"wp:attachment":[{"href":"https:\/\/wpserwis.cfolks.pl\/r2\/wp-json\/wp\/v2\/media?parent=28340"}],"wp:term":[{"taxonomy":"category","embeddable":true,"href":"https:\/\/wpserwis.cfolks.pl\/r2\/wp-json\/wp\/v2\/categories?post=28340"},{"taxonomy":"post_tag","embeddable":true,"href":"https:\/\/wpserwis.cfolks.pl\/r2\/wp-json\/wp\/v2\/tags?post=28340"}],"curies":[{"name":"wp","href":"https:\/\/api.w.org\/{rel}","templated":true}]}}