{"id":28343,"date":"2022-09-27T09:06:31","date_gmt":"2022-09-27T07:06:31","guid":{"rendered":"https:\/\/wtw.waw.pl\/?p=28343"},"modified":"2022-09-27T09:06:31","modified_gmt":"2022-09-27T07:06:31","slug":"wtw-ponownie-wioslowalo-ze-szkolnym-klubem-sportowym","status":"publish","type":"post","link":"https:\/\/wpserwis.cfolks.pl\/r2\/wtw-ponownie-wioslowalo-ze-szkolnym-klubem-sportowym\/","title":{"rendered":"WTW PONOWNIE WIOS\u0141OWA\u0141O ZE SZKOLNYM KLUBEM SPORTOWYM"},"content":{"rendered":"<p>W dniu wczorajszym mieli\u015bmy przyjemno\u015b\u0107 organizowa\u0107 stref\u0119 wio\u015blarsk\u0105 w hali Torwar podczas wydarzenia organizowanego przez Instytut Sportu pn. &#8221; B\u0105d\u017a aktywny, b\u0105d\u017a bezpieczny&#8221;. Wydarzenie organizowane by\u0142o w ramach programu Ministerstwa Sportu i Turystyki &#8211; &#8222;Szkolny Klub Sportowy&#8221;.<\/p>\n<p>Stref\u0119 odwiedzi\u0142a rzesza dzieci w r\u00f3\u017cnym przedziale wiekowym (od 4 do 8 klasy szko\u0142y podstawowej). Obecnych na zawodach by\u0142o osiem szk\u00f3\u0142 z ca\u0142ej Polski zaproszonych przez organizator\u00f3w.<\/p>\n<p>Nasz\u0105 stref\u0119 prowadzi\u0142y Joanna Dorociak, Agnieszka Renc i Agnieszka Ca\u0142ka oraz Panowie Micha\u0142 Filipczak i Bogdan Okni\u0144ski.<\/p>\n<p>Przy okazji zawod\u00f3w, zadebiutowa\u0142y nasze nowe bluzy wyprodukowane do \u00f3smej edycji Wio\u015blarskiego Tytana Warszawy.<\/p>\n<p><span class=\"gvxzyvdx aeinzg81 t7p7dqev gh25dzvf tb6i94ri gupuyl1y i2onq4tn b6ax4al1 gem102v4 ncib64c9 mrvwc6qr sx8pxkcf f597kf1v cpcgwwas m2nijcs8 hxfwr5lz k1z55t6l oog5qr5w tes86rjd pbevjfx6\" dir=\"auto\">&nbsp;<\/span><\/p>\n<p><a href=\"https:\/\/wpserwis.cfolks.pl\/r2\/wp-content\/uploads\/2022\/09\/IMG_7405-rotated.jpg\"><img loading=\"lazy\" decoding=\"async\" class=\"alignnone size-medium wp-image-28347\" src=\"https:\/\/wpserwis.cfolks.pl\/r2\/wp-content\/uploads\/2022\/09\/IMG_7405-300x225.jpg\" alt=\"\" width=\"300\" height=\"225\"><\/a><\/p>\n<p>&nbsp;<\/p>\n<p>&nbsp;<\/p>\n<p>&nbsp;<\/p>\n<p>.<\/p>\n","protected":false},"excerpt":{"rendered":"<p>W dniu wczorajszym mieli\u015bmy przyjemno\u015b\u0107 organizowa\u0107 stref\u0119 wio\u015blarsk\u0105 w hali Torwar podczas wydarzenia organizowanego przez Instytut Sportu pn. &#8221; B\u0105d\u017a aktywny, b\u0105d\u017a bezpieczny&#8221;. Wydarzenie organizowane by\u0142o w ramach programu Ministerstwa Sportu i Turystyki &#8211; &#8222;Szkolny Klub Sportowy&#8221;. Stref\u0119 odwiedzi\u0142a rzesza dzieci w r\u00f3\u017cnym przedziale wiekowym (od 4 do 8 klasy szko\u0142y podstawowej). Obecnych na zawodach [&hellip;]<\/p>\n","protected":false},"author":1,"featured_media":28345,"comment_status":"closed","ping_status":"closed","sticky":false,"template":"","format":"standard","meta":{"_acf_changed":false,"footnotes":""},"categories":[1],"tags":[],"class_list":["post-28343","post","type-post","status-publish","format-standard","has-post-thumbnail","hentry","category-bez-kategorii"],"acf":[],"_links":{"self":[{"href":"https:\/\/wpserwis.cfolks.pl\/r2\/wp-json\/wp\/v2\/posts\/28343","targetHints":{"allow":["GET"]}}],"collection":[{"href":"https:\/\/wpserwis.cfolks.pl\/r2\/wp-json\/wp\/v2\/posts"}],"about":[{"href":"https:\/\/wpserwis.cfolks.pl\/r2\/wp-json\/wp\/v2\/types\/post"}],"author":[{"embeddable":true,"href":"https:\/\/wpserwis.cfolks.pl\/r2\/wp-json\/wp\/v2\/users\/1"}],"replies":[{"embeddable":true,"href":"https:\/\/wpserwis.cfolks.pl\/r2\/wp-json\/wp\/v2\/comments?post=28343"}],"version-history":[{"count":0,"href":"https:\/\/wpserwis.cfolks.pl\/r2\/wp-json\/wp\/v2\/posts\/28343\/revisions"}],"wp:featuredmedia":[{"embeddable":true,"href":"https:\/\/wpserwis.cfolks.pl\/r2\/wp-json\/"}],"wp:attachment":[{"href":"https:\/\/wpserwis.cfolks.pl\/r2\/wp-json\/wp\/v2\/media?parent=28343"}],"wp:term":[{"taxonomy":"category","embeddable":true,"href":"https:\/\/wpserwis.cfolks.pl\/r2\/wp-json\/wp\/v2\/categories?post=28343"},{"taxonomy":"post_tag","embeddable":true,"href":"https:\/\/wpserwis.cfolks.pl\/r2\/wp-json\/wp\/v2\/tags?post=28343"}],"curies":[{"name":"wp","href":"https:\/\/api.w.org\/{rel}","templated":true}]}}