{"id":28370,"date":"2022-09-29T12:09:08","date_gmt":"2022-09-29T10:09:08","guid":{"rendered":"https:\/\/wtw.waw.pl\/?p=28370"},"modified":"2022-09-29T12:09:08","modified_gmt":"2022-09-29T10:09:08","slug":"tytan-srodmiescie-podsumowanie","status":"publish","type":"post","link":"https:\/\/wpserwis.cfolks.pl\/r2\/tytan-srodmiescie-podsumowanie\/","title":{"rendered":"TYTAN \u015aR\u00d3DMIE\u015aCIE &#8211; PODSUMOWANIE"},"content":{"rendered":"<p>Eliminacje dla dzielnicy \u015ar\u00f3dmie\u015bcie w \u00f3smej edycji Wio\u015blarskiego Tytana Warszawy za nami.<\/p>\n<p>&nbsp;<\/p>\n<p>W dniu 28 wrze\u015bnia, hala Solec na warszawskim Powi\u015blu wype\u0142ni\u0142a si\u0119 m\u0142odzie\u017c\u0105 ze \u015br\u00f3dmiejskich Szk\u00f3\u0142 Podstawowych (klasy 5-8). By\u0142a to inauguracja \u00f3smej ju\u017c edycji naszego programu Wio\u015blarski Tytan Warszawy.<\/p>\n<p>Siedem szk\u00f3\u0142 i blisko 150 dzieci wzi\u0119\u0142o udzia\u0142 w zawodach na ergometrach wio\u015blarskich.<\/p>\n<p>Organizacja zawod\u00f3w, zosta\u0142a przeprowadzona na wysokim poziomie, tym razem dzi\u0119ki dotacji z Urz\u0119du Dzielnicy \u015ar\u00f3dmie\u015bcie m.st. Warszawy za co bardzo dzi\u0119kujemy.<\/p>\n<p>Dzi\u0119kujemy r\u00f3wnie\u017c Aktywnej Warszawie za udost\u0119pnienie hali.<\/p>\n<p>W klasyfikacji szk\u00f3\u0142 zwyci\u0119\u017cy\u0142a Spo\u0142eczna Szko\u0142a Podstawowa nr 16.<\/p>\n<p>Wyniki indywidualne niebawem pojawi\u0105 si\u0119 na naszej stronie.<\/p>\n<p>Nagrody wr\u0119czali Pani Magdalena Wojciechowska \u2013 Wiceburmistrz Dzielnicy \u015ar\u00f3dmie\u015bcie, Pan Bartosz Kusior \u2013 Dyrektor Aktywna Warszawa, Pan Katarzyna \u0141\u0119giewicz \u2013 Wicedyrektor Aktywna Warszawa oraz Pan Maciej \u015aliwi\u0144ski \u2013 Dyrektor WTW.<\/p>\n<p>Nagrody i przepustki do Wielkiego Fina\u0142u Tytana (grudzie\u0144 2022r.) otrzyma\u0142a 40ka uczni\u00f3w. To oni w grudniu b\u0119d\u0105 rywalizowa\u0107 o miano najlepszych w stolicy i o profesjonalny ergometr wio\u015blarski (Concept2) dla swojej szko\u0142y.<\/p>\n<p>Kolejny Tytan ju\u017c 05.10 \u2013 eliminacje dla dzielnicy W\u0142ochy (OSIR ul. G\u0142adka 18).<\/p>\n<p>&nbsp;<\/p>\n<p><strong>Klasyfikacja szk\u00f3\u0142:<\/strong><\/p>\n<p>&nbsp;<\/p>\n<ol>\n<li>SP 16 \u2013 13.704 metr\u00f3w<\/li>\n<li>SP 41 \u2013 5695 metr\u00f3w<\/li>\n<li>SP Bednarska \u2013 5435 metr\u00f3w<\/li>\n<li>SP 1 \u2013 5098 metr\u00f3w<\/li>\n<li>SP 211 \u2013 2728 metr\u00f3w<\/li>\n<li>SP 220 \u2013 1539 metr\u00f3w<\/li>\n<li>SP 158 \u2013 1154 metr\u00f3w<\/li>\n<\/ol>\n<p>&nbsp;<\/p>\n<p>fot 1. Micha\u0142 Pra\u017cmowski<\/p>\n<p>fot 2. Urz\u0105d dzielnicy \u015ar\u00f3dmie\u015bcie m.st. Warszawy<\/p>\n<p><a href=\"https:\/\/wpserwis.cfolks.pl\/r2\/wp-content\/uploads\/2022\/09\/IMG_7457.jpg\"><img loading=\"lazy\" decoding=\"async\" class=\"alignnone size-large wp-image-28372\" src=\"https:\/\/wpserwis.cfolks.pl\/r2\/wp-content\/uploads\/2022\/09\/IMG_7457-1024x682.jpg\" alt=\"\" width=\"1024\" height=\"682\"><\/a><\/p>\n","protected":false},"excerpt":{"rendered":"<p>Eliminacje dla dzielnicy \u015ar\u00f3dmie\u015bcie w \u00f3smej edycji Wio\u015blarskiego Tytana Warszawy za nami. &nbsp; W dniu 28 wrze\u015bnia, hala Solec na warszawskim Powi\u015blu wype\u0142ni\u0142a si\u0119 m\u0142odzie\u017c\u0105 ze \u015br\u00f3dmiejskich Szk\u00f3\u0142 Podstawowych (klasy 5-8). By\u0142a to inauguracja \u00f3smej ju\u017c edycji naszego programu Wio\u015blarski Tytan Warszawy. Siedem szk\u00f3\u0142 i blisko 150 dzieci wzi\u0119\u0142o udzia\u0142 w zawodach na ergometrach wio\u015blarskich. [&hellip;]<\/p>\n","protected":false},"author":1,"featured_media":28375,"comment_status":"closed","ping_status":"closed","sticky":false,"template":"","format":"standard","meta":{"_acf_changed":false,"footnotes":""},"categories":[13],"tags":[],"class_list":["post-28370","post","type-post","status-publish","format-standard","has-post-thumbnail","hentry","category-tytan"],"acf":[],"_links":{"self":[{"href":"https:\/\/wpserwis.cfolks.pl\/r2\/wp-json\/wp\/v2\/posts\/28370","targetHints":{"allow":["GET"]}}],"collection":[{"href":"https:\/\/wpserwis.cfolks.pl\/r2\/wp-json\/wp\/v2\/posts"}],"about":[{"href":"https:\/\/wpserwis.cfolks.pl\/r2\/wp-json\/wp\/v2\/types\/post"}],"author":[{"embeddable":true,"href":"https:\/\/wpserwis.cfolks.pl\/r2\/wp-json\/wp\/v2\/users\/1"}],"replies":[{"embeddable":true,"href":"https:\/\/wpserwis.cfolks.pl\/r2\/wp-json\/wp\/v2\/comments?post=28370"}],"version-history":[{"count":0,"href":"https:\/\/wpserwis.cfolks.pl\/r2\/wp-json\/wp\/v2\/posts\/28370\/revisions"}],"wp:featuredmedia":[{"embeddable":true,"href":"https:\/\/wpserwis.cfolks.pl\/r2\/wp-json\/"}],"wp:attachment":[{"href":"https:\/\/wpserwis.cfolks.pl\/r2\/wp-json\/wp\/v2\/media?parent=28370"}],"wp:term":[{"taxonomy":"category","embeddable":true,"href":"https:\/\/wpserwis.cfolks.pl\/r2\/wp-json\/wp\/v2\/categories?post=28370"},{"taxonomy":"post_tag","embeddable":true,"href":"https:\/\/wpserwis.cfolks.pl\/r2\/wp-json\/wp\/v2\/tags?post=28370"}],"curies":[{"name":"wp","href":"https:\/\/api.w.org\/{rel}","templated":true}]}}