{"id":28541,"date":"2022-10-04T13:27:53","date_gmt":"2022-10-04T11:27:53","guid":{"rendered":"https:\/\/wtw.waw.pl\/?p=28541"},"modified":"2022-10-04T13:27:53","modified_gmt":"2022-10-04T11:27:53","slug":"zakonczenie-sezonu-wtw-warszawa","status":"publish","type":"post","link":"https:\/\/wpserwis.cfolks.pl\/r2\/zakonczenie-sezonu-wtw-warszawa\/","title":{"rendered":"ZAKO\u0143CZENIE SEZONU WTW WARSZAWA &#8211; 15.10."},"content":{"rendered":"<p>Zarz\u0105d Warszawskiego Towarzystwa Wio\u015blarskiego informuje, \u017ce uroczysto\u015b\u0107 Zako\u0144czenia Sezonu WTW Warszawa, odb\u0119dzie si\u0119 w dniu 15.10.2022r. na przystani przy ul. Wio\u015blarskiej 6 w Warszawie.<\/p>\n<p>&nbsp;&nbsp;&nbsp;&nbsp;&nbsp;&nbsp;&nbsp;&nbsp;&nbsp;&nbsp;&nbsp;&nbsp;&nbsp;&nbsp;&nbsp;&nbsp;&nbsp;&nbsp;&nbsp;&nbsp;<\/p>\n<p>&nbsp;<\/p>\n<p><strong>&nbsp;Program Uroczysto\u015bci:<\/strong><\/p>\n<p>&nbsp;<strong>08:00&nbsp;<\/strong> &#8211; Msza \u015awi\u0119ta w intencji WTW Warszawa, w Ko\u015bciele pod wezwaniem \u015aw. Tr\u00f3jcy, przy ul. Solec 61.<\/p>\n<p>&nbsp;&#8211; &#8211; &#8211; &#8211; &#8211; &#8211; &#8211; &#8211; &#8211; &#8211; &#8211; &#8211; &#8211; &#8211; &#8211; &#8211; &#8211; &#8211; &#8211; &#8211; &#8211; &#8211; &#8211; &#8211; &#8211; &#8211; &#8211; &#8211; &#8211; &#8211; &#8211; &#8211; &#8211; &#8211; &#8211; &#8211; &#8211; &#8211; &#8211; &#8211; &#8211; &#8211; &#8211; &#8211; &#8211; &#8211; &#8211; &#8211; &#8211; &#8211; &#8211; &#8211; &#8211; &#8211; &#8211; &#8211; &#8211; &#8211;<\/p>\n<p>&nbsp;<strong>11:00&nbsp;<\/strong> &#8211; Pocz\u0105tek oficjalnej cz\u0119\u015bci uroczysto\u015bci (przysta\u0144 WTW, ul. Wio\u015blarska 6), w programie:&nbsp;&nbsp;&nbsp;&nbsp;&nbsp;&nbsp;&nbsp;&nbsp;&nbsp;&nbsp;&nbsp;&nbsp;&nbsp;&nbsp;&nbsp;&nbsp;&nbsp;&nbsp;&nbsp;&nbsp;&nbsp;&nbsp;&nbsp;&nbsp;<\/p>\n<p>&#8211; Wej\u015bcie pocztu sztandarowego i flagowego<\/p>\n<p>&#8211; Meldunek<\/p>\n<p>&#8211; Przywitanie Go\u015bci<\/p>\n<p>&#8211; Wyst\u0105pienie Prezesa WTW<\/p>\n<p>&#8211; Wr\u0119czenie aktu nadania tytu\u0142u Cz\u0142onka Honorowego<\/p>\n<p>&#8211; Wr\u0119czenie nagr\u00f3d \u201eNadzieja WTW\u201d<\/p>\n<p>&#8211; Wr\u0119czenie nagrody dla najlepszego sportowca WTW w 2022 roku<\/p>\n<p>&#8211; Opuszczenie bandery<\/p>\n<p>&#8211; Wyj\u015bcie pocztu sztandarowego<\/p>\n<p><strong>11:40&nbsp;<\/strong> &#8211; Zako\u0144czenie cz\u0119\u015bci oficjalnej.<\/p>\n<p>&nbsp;<\/p>\n<p>&nbsp;<\/p>\n<p>&nbsp;<\/p>\n<p>.<\/p>\n","protected":false},"excerpt":{"rendered":"<p>Zarz\u0105d Warszawskiego Towarzystwa Wio\u015blarskiego informuje, \u017ce uroczysto\u015b\u0107 Zako\u0144czenia Sezonu WTW Warszawa, odb\u0119dzie si\u0119 w dniu 15.10.2022r. na przystani przy ul. Wio\u015blarskiej 6 w Warszawie. &nbsp;&nbsp;&nbsp;&nbsp;&nbsp;&nbsp;&nbsp;&nbsp;&nbsp;&nbsp;&nbsp;&nbsp;&nbsp;&nbsp;&nbsp;&nbsp;&nbsp;&nbsp;&nbsp;&nbsp; &nbsp; &nbsp;Program Uroczysto\u015bci: &nbsp;08:00&nbsp; &#8211; Msza \u015awi\u0119ta w intencji WTW Warszawa, w Ko\u015bciele pod wezwaniem \u015aw. Tr\u00f3jcy, przy ul. Solec 61. &nbsp;&#8211; &#8211; &#8211; &#8211; &#8211; &#8211; &#8211; &#8211; &#8211; [&hellip;]<\/p>\n","protected":false},"author":1,"featured_media":28542,"comment_status":"closed","ping_status":"closed","sticky":false,"template":"","format":"standard","meta":{"_acf_changed":false,"footnotes":""},"categories":[1],"tags":[],"class_list":["post-28541","post","type-post","status-publish","format-standard","has-post-thumbnail","hentry","category-bez-kategorii"],"acf":[],"_links":{"self":[{"href":"https:\/\/wpserwis.cfolks.pl\/r2\/wp-json\/wp\/v2\/posts\/28541","targetHints":{"allow":["GET"]}}],"collection":[{"href":"https:\/\/wpserwis.cfolks.pl\/r2\/wp-json\/wp\/v2\/posts"}],"about":[{"href":"https:\/\/wpserwis.cfolks.pl\/r2\/wp-json\/wp\/v2\/types\/post"}],"author":[{"embeddable":true,"href":"https:\/\/wpserwis.cfolks.pl\/r2\/wp-json\/wp\/v2\/users\/1"}],"replies":[{"embeddable":true,"href":"https:\/\/wpserwis.cfolks.pl\/r2\/wp-json\/wp\/v2\/comments?post=28541"}],"version-history":[{"count":0,"href":"https:\/\/wpserwis.cfolks.pl\/r2\/wp-json\/wp\/v2\/posts\/28541\/revisions"}],"wp:featuredmedia":[{"embeddable":true,"href":"https:\/\/wpserwis.cfolks.pl\/r2\/wp-json\/"}],"wp:attachment":[{"href":"https:\/\/wpserwis.cfolks.pl\/r2\/wp-json\/wp\/v2\/media?parent=28541"}],"wp:term":[{"taxonomy":"category","embeddable":true,"href":"https:\/\/wpserwis.cfolks.pl\/r2\/wp-json\/wp\/v2\/categories?post=28541"},{"taxonomy":"post_tag","embeddable":true,"href":"https:\/\/wpserwis.cfolks.pl\/r2\/wp-json\/wp\/v2\/tags?post=28541"}],"curies":[{"name":"wp","href":"https:\/\/api.w.org\/{rel}","templated":true}]}}