{"id":28898,"date":"2022-10-14T08:21:05","date_gmt":"2022-10-14T06:21:05","guid":{"rendered":"https:\/\/wtw.waw.pl\/?p=28898"},"modified":"2022-10-14T08:21:05","modified_gmt":"2022-10-14T06:21:05","slug":"zeglarstwo-regaty-o-puchar-marszalka-wojewodztwa","status":"publish","type":"post","link":"https:\/\/wpserwis.cfolks.pl\/r2\/zeglarstwo-regaty-o-puchar-marszalka-wojewodztwa\/","title":{"rendered":"\u017bEGLARSTWO &#8211; REGATY O PUCHAR MARSZA\u0141KA WOJEW\u00d3DZTWA"},"content":{"rendered":"<div class=\"x11i5rnm xat24cr x1mh8g0r x1vvkbs xtlvy1s x126k92a\">\n<div dir=\"auto\">W miniony weekend odby\u0142y si\u0119 regaty o Puchar Marsza\u0142ka Wojew\u00f3dztwa Mazowieckiego organizowane przez klub sportowy Sindbad. Warunki pogodowe pozwoli\u0142y na rozegranie wszystkich zaplanowanych wy\u015bcig\u00f3w.<\/div>\n<div dir=\"auto\">&nbsp;<\/div>\n<div dir=\"auto\">Zawodnicy sekcji \u017ceglarskiej po raz kolejny pojawili si\u0119 na podium.<\/div>\n<div dir=\"auto\">&nbsp;<\/div>\n<div dir=\"auto\">Franek, nasz najm\u0142odszy zawodnik, zdoby\u0142 1 miejsce w klasyfikacji ch\u0142opc\u00f3w do lat 9.<\/div>\n<div dir=\"auto\">Wiktor wywalczy\u0142 3 miejsce w klasyfikacji ch\u0142opc\u00f3w w grupie A.<\/div>\n<div dir=\"auto\">Kajetan w klasyfikacji generalnej uplasowa\u0142 si\u0119 na Wysokiej 11 pozycji.<\/div>\n<\/div>\n<div class=\"x11i5rnm xat24cr x1mh8g0r x1vvkbs xtlvy1s x126k92a\">\n<div dir=\"auto\">Ogromne gratulacje dla zawodnik\u00f3w i trenera Macieja Lato&nbsp;.<\/div>\n<\/div>\n<div dir=\"auto\">&nbsp;<\/div>\n<div dir=\"auto\">&nbsp;<\/div>\n<div dir=\"auto\"><a href=\"https:\/\/wpserwis.cfolks.pl\/r2\/wp-content\/uploads\/2022\/10\/310812359_5908385909194536_1556741644538028141_n.jpg\"><img loading=\"lazy\" decoding=\"async\" class=\"alignnone size-large wp-image-28900\" src=\"https:\/\/wpserwis.cfolks.pl\/r2\/wp-content\/uploads\/2022\/10\/310812359_5908385909194536_1556741644538028141_n-1024x772.jpg\" alt=\"\" width=\"1024\" height=\"772\"><\/a> <a href=\"https:\/\/wpserwis.cfolks.pl\/r2\/wp-content\/uploads\/2022\/10\/310657134_5908385915861202_3382768344459703909_n.jpg\"><img loading=\"lazy\" decoding=\"async\" class=\"alignnone size-large wp-image-28901\" src=\"https:\/\/wpserwis.cfolks.pl\/r2\/wp-content\/uploads\/2022\/10\/310657134_5908385915861202_3382768344459703909_n-1024x772.jpg\" alt=\"\" width=\"1024\" height=\"772\"><\/a><\/div>\n","protected":false},"excerpt":{"rendered":"<p>W miniony weekend odby\u0142y si\u0119 regaty o Puchar Marsza\u0142ka Wojew\u00f3dztwa Mazowieckiego organizowane przez klub sportowy Sindbad. Warunki pogodowe pozwoli\u0142y na rozegranie wszystkich zaplanowanych wy\u015bcig\u00f3w. &nbsp; Zawodnicy sekcji \u017ceglarskiej po raz kolejny pojawili si\u0119 na podium. &nbsp; Franek, nasz najm\u0142odszy zawodnik, zdoby\u0142 1 miejsce w klasyfikacji ch\u0142opc\u00f3w do lat 9. Wiktor wywalczy\u0142 3 miejsce w klasyfikacji [&hellip;]<\/p>\n","protected":false},"author":1,"featured_media":28899,"comment_status":"closed","ping_status":"closed","sticky":false,"template":"","format":"standard","meta":{"_acf_changed":false,"footnotes":""},"categories":[1],"tags":[],"class_list":["post-28898","post","type-post","status-publish","format-standard","has-post-thumbnail","hentry","category-bez-kategorii"],"acf":[],"_links":{"self":[{"href":"https:\/\/wpserwis.cfolks.pl\/r2\/wp-json\/wp\/v2\/posts\/28898","targetHints":{"allow":["GET"]}}],"collection":[{"href":"https:\/\/wpserwis.cfolks.pl\/r2\/wp-json\/wp\/v2\/posts"}],"about":[{"href":"https:\/\/wpserwis.cfolks.pl\/r2\/wp-json\/wp\/v2\/types\/post"}],"author":[{"embeddable":true,"href":"https:\/\/wpserwis.cfolks.pl\/r2\/wp-json\/wp\/v2\/users\/1"}],"replies":[{"embeddable":true,"href":"https:\/\/wpserwis.cfolks.pl\/r2\/wp-json\/wp\/v2\/comments?post=28898"}],"version-history":[{"count":0,"href":"https:\/\/wpserwis.cfolks.pl\/r2\/wp-json\/wp\/v2\/posts\/28898\/revisions"}],"wp:featuredmedia":[{"embeddable":true,"href":"https:\/\/wpserwis.cfolks.pl\/r2\/wp-json\/"}],"wp:attachment":[{"href":"https:\/\/wpserwis.cfolks.pl\/r2\/wp-json\/wp\/v2\/media?parent=28898"}],"wp:term":[{"taxonomy":"category","embeddable":true,"href":"https:\/\/wpserwis.cfolks.pl\/r2\/wp-json\/wp\/v2\/categories?post=28898"},{"taxonomy":"post_tag","embeddable":true,"href":"https:\/\/wpserwis.cfolks.pl\/r2\/wp-json\/wp\/v2\/tags?post=28898"}],"curies":[{"name":"wp","href":"https:\/\/api.w.org\/{rel}","templated":true}]}}