{"id":28972,"date":"2022-10-26T17:23:23","date_gmt":"2022-10-26T15:23:23","guid":{"rendered":"https:\/\/wtw.waw.pl\/?p=28972"},"modified":"2022-10-26T17:23:23","modified_gmt":"2022-10-26T15:23:23","slug":"centralne-regaty-w-poznaniu","status":"publish","type":"post","link":"https:\/\/wpserwis.cfolks.pl\/r2\/centralne-regaty-w-poznaniu\/","title":{"rendered":"CENTRALNE REGATY W POZNANIU"},"content":{"rendered":"<div class=\"xdj266r x11i5rnm xat24cr x1mh8g0r x1vvkbs x126k92a\">\n<div dir=\"auto\">Centralne Regaty Zako\u0144czenia sezonu, ko\u0144cz\u0105ce tegoroczne zmagania na wodzie, za Nami&nbsp;. S\u0105 to zawody kwalifikuj\u0105ce zawodnik\u00f3w do kadry narodowej na sezon zimowy.<\/div>\n<\/div>\n<div class=\"x11i5rnm xat24cr x1mh8g0r x1vvkbs xtlvy1s x126k92a\">\n<div dir=\"auto\">Na wyr\u00f3\u017cnienie zas\u0142uguj\u0105 Konrad Doma\u0144ski , kt\u00f3ry zaj\u0105\u0142 2 miejsce w Finale A w konkurencji jedynki m\u0119skiej oraz Julia Facon, kt\u00f3ra w ostatnim biegu, zwyci\u0119\u017cy\u0142a w finale B w konkurencji jedynek kobiet.<\/div>\n<div dir=\"auto\">&nbsp;<\/div>\n<\/div>\n<div class=\"x11i5rnm xat24cr x1mh8g0r x1vvkbs xtlvy1s x126k92a\">\n<div dir=\"auto\">Gratulacje dla zawodnik\u00f3w i trener\u00f3w&nbsp;.<\/div>\n<\/div>\n<div class=\"x11i5rnm xat24cr x1mh8g0r x1vvkbs xtlvy1s x126k92a\">\n<div dir=\"auto\">Powoli przenosimy si\u0119 na Wio\u015blarska i rozpoczynamy przygotowania zimowe&nbsp;.<\/div>\n<\/div>\n<div dir=\"auto\">&nbsp;<\/div>\n<div dir=\"auto\">&nbsp;<\/div>\n<div dir=\"auto\">&nbsp;<\/div>\n<div dir=\"auto\">&nbsp;<\/div>\n<div dir=\"auto\">.<\/div>\n<div class=\"x11i5rnm xat24cr x1mh8g0r x1vvkbs xtlvy1s x126k92a\">\n<div dir=\"auto\"><span class=\"x3nfvp2 x1j61x8r x1fcty0u xdj266r xhhsvwb xat24cr xgzva0m xxymvpz xlup9mm x1kky2od\">&nbsp;<\/span><\/div>\n<\/div>\n","protected":false},"excerpt":{"rendered":"<p>Centralne Regaty Zako\u0144czenia sezonu, ko\u0144cz\u0105ce tegoroczne zmagania na wodzie, za Nami&nbsp;. S\u0105 to zawody kwalifikuj\u0105ce zawodnik\u00f3w do kadry narodowej na sezon zimowy. Na wyr\u00f3\u017cnienie zas\u0142uguj\u0105 Konrad Doma\u0144ski , kt\u00f3ry zaj\u0105\u0142 2 miejsce w Finale A w konkurencji jedynki m\u0119skiej oraz Julia Facon, kt\u00f3ra w ostatnim biegu, zwyci\u0119\u017cy\u0142a w finale B w konkurencji jedynek kobiet. &nbsp; [&hellip;]<\/p>\n","protected":false},"author":1,"featured_media":28973,"comment_status":"closed","ping_status":"closed","sticky":false,"template":"","format":"standard","meta":{"_acf_changed":false,"footnotes":""},"categories":[1],"tags":[],"class_list":["post-28972","post","type-post","status-publish","format-standard","has-post-thumbnail","hentry","category-bez-kategorii"],"acf":[],"_links":{"self":[{"href":"https:\/\/wpserwis.cfolks.pl\/r2\/wp-json\/wp\/v2\/posts\/28972","targetHints":{"allow":["GET"]}}],"collection":[{"href":"https:\/\/wpserwis.cfolks.pl\/r2\/wp-json\/wp\/v2\/posts"}],"about":[{"href":"https:\/\/wpserwis.cfolks.pl\/r2\/wp-json\/wp\/v2\/types\/post"}],"author":[{"embeddable":true,"href":"https:\/\/wpserwis.cfolks.pl\/r2\/wp-json\/wp\/v2\/users\/1"}],"replies":[{"embeddable":true,"href":"https:\/\/wpserwis.cfolks.pl\/r2\/wp-json\/wp\/v2\/comments?post=28972"}],"version-history":[{"count":0,"href":"https:\/\/wpserwis.cfolks.pl\/r2\/wp-json\/wp\/v2\/posts\/28972\/revisions"}],"wp:featuredmedia":[{"embeddable":true,"href":"https:\/\/wpserwis.cfolks.pl\/r2\/wp-json\/"}],"wp:attachment":[{"href":"https:\/\/wpserwis.cfolks.pl\/r2\/wp-json\/wp\/v2\/media?parent=28972"}],"wp:term":[{"taxonomy":"category","embeddable":true,"href":"https:\/\/wpserwis.cfolks.pl\/r2\/wp-json\/wp\/v2\/categories?post=28972"},{"taxonomy":"post_tag","embeddable":true,"href":"https:\/\/wpserwis.cfolks.pl\/r2\/wp-json\/wp\/v2\/tags?post=28972"}],"curies":[{"name":"wp","href":"https:\/\/api.w.org\/{rel}","templated":true}]}}