{"id":29299,"date":"2022-12-05T13:55:30","date_gmt":"2022-12-05T12:55:30","guid":{"rendered":"https:\/\/wtw.waw.pl\/?p=29299"},"modified":"2022-12-05T13:55:30","modified_gmt":"2022-12-05T12:55:30","slug":"mlode-polskie-wiosla-relacja-ze-sztafet","status":"publish","type":"post","link":"https:\/\/wpserwis.cfolks.pl\/r2\/mlode-polskie-wiosla-relacja-ze-sztafet\/","title":{"rendered":"&#8222;M\u0141ODE POLSKIE WIOS\u0141A&#8221; &#8211; RELACJA ZE SZTAFET"},"content":{"rendered":"<p>W sobot\u0119 (03.12), na przystani Warszawskiego Towarzystwa Wio\u015blarskiego przy ul. Wio\u015blarskiej 6, odby\u0142y si\u0119 Mistrzostwa Mazowsza na ergometrach wio\u015blarskich.<\/p>\n<div>M\u0142odsi zawodnicy mieli r\u00f3wnie\u017c mo\u017cliwo\u015b\u0107 wypr\u00f3bowania swoich si\u0142 w sztafetach organizowanych z programu M\u0142ode Polskie Wios\u0142a.&nbsp;<br \/>\nW zawodach wzi\u0119\u0142a udzia\u0142 m\u0142odzie\u017c z Warszawy, P\u0142ocka, Kalisza oraz Krakowa, a dok\u0142adnie 48 ch\u0142opc\u00f3w i 21 dziewcz\u0105t, w sumie 69 dzieciak\u00f3w.<\/div>\n<div>\n<div>&nbsp;<\/div>\n<div>Kluby:<\/div>\n<div>AZS AWF Warszawa &#8211; 1 sztafeta<\/div>\n<div>AZS AWF Krak\u00f3w &#8211; 2 sztafety<\/div>\n<div>KTW Kalisz &#8211; 2 sztafety<\/div>\n<div>PTW P\u0142ock &#8211; 2 sztafety<\/div>\n<div>UKS 93 Krak\u00f3w &#8211; 3 sztafety<\/div>\n<div>WRC &#8211; 3 sztafety<\/div>\n<div>WTW &#8211; 4 sztafety<\/div>\n<\/div>\n<div>&nbsp;<\/div>\n<div><a href=\"https:\/\/wpserwis.cfolks.pl\/r2\/wp-content\/uploads\/2022\/12\/wyniki-MPW.xlsx\">wyniki MPW &#8211; kliknij i zobacz wyniki<\/a><\/div>\n<div>&nbsp;<\/div>\n<div>\n<p>Dzi\u0119kujemy za tak liczne przybycie oraz gratulacje dla wszystkich zawodnik\u00f3w! Bawili\u015bmy si\u0119 \u015bwietnie!<\/p>\n<p>Program M\u0142ode Polskie Wios\u0142a jest realizowany &nbsp;przez Polski Zwi\u0105zek Towarzystw Wio\u015blarskich, &nbsp;ze \u015brodk\u00f3w Ministerstwa Sportu i Turystyki w ramach wspierania projekt\u00f3w upowszechniania sportu dzieci i m\u0142odzie\u017cy &#8211; realizowanych przez polskie zwi\u0105zki sportowe &#8211; program &#8222;SPORT WSZYSTKICH DZIECI&#8221;.<\/p>\n<div id=\"AppleMailSignature\">\n<div dir=\"auto\">\n<div class=\"ApplePlainTextBody\">&nbsp;<\/div>\n<\/div>\n<\/div>\n<\/div>\n<div>&nbsp;<\/div>\n<div>&nbsp;<a href=\"https:\/\/wpserwis.cfolks.pl\/r2\/wp-content\/uploads\/2022\/12\/IMG_0885.jpg\"><img loading=\"lazy\" decoding=\"async\" class=\"alignnone size-large wp-image-29301\" src=\"https:\/\/wpserwis.cfolks.pl\/r2\/wp-content\/uploads\/2022\/12\/IMG_0885-1024x768.jpg\" alt=\"\" width=\"1024\" height=\"768\"><\/a><a href=\"https:\/\/wpserwis.cfolks.pl\/r2\/wp-content\/uploads\/2022\/12\/IMG_0874-rotated.jpg\"><img loading=\"lazy\" decoding=\"async\" class=\"alignnone size-large wp-image-29302\" src=\"https:\/\/wpserwis.cfolks.pl\/r2\/wp-content\/uploads\/2022\/12\/IMG_0874-768x1024.jpg\" alt=\"\" width=\"768\" height=\"1024\"><\/a><a href=\"https:\/\/wpserwis.cfolks.pl\/r2\/wp-content\/uploads\/2022\/12\/IMG_0872-rotated.jpg\"><img loading=\"lazy\" decoding=\"async\" class=\"alignnone size-large wp-image-29303\" src=\"https:\/\/wpserwis.cfolks.pl\/r2\/wp-content\/uploads\/2022\/12\/IMG_0872-768x1024.jpg\" alt=\"\" width=\"768\" height=\"1024\"><\/a><a href=\"https:\/\/wpserwis.cfolks.pl\/r2\/wp-content\/uploads\/2022\/12\/IMG_0864-rotated.jpg\"><img loading=\"lazy\" decoding=\"async\" class=\"alignnone size-large wp-image-29304\" src=\"https:\/\/wpserwis.cfolks.pl\/r2\/wp-content\/uploads\/2022\/12\/IMG_0864-768x1024.jpg\" alt=\"\" width=\"768\" height=\"1024\"><\/a><a href=\"https:\/\/wpserwis.cfolks.pl\/r2\/wp-content\/uploads\/2022\/12\/IMG_0795-scaled.jpg\"><img loading=\"lazy\" decoding=\"async\" class=\"alignnone size-large wp-image-29305\" src=\"https:\/\/wpserwis.cfolks.pl\/r2\/wp-content\/uploads\/2022\/12\/IMG_0795-1024x768.jpg\" alt=\"\" width=\"1024\" height=\"768\"><\/a><\/div>\n","protected":false},"excerpt":{"rendered":"<p>W sobot\u0119 (03.12), na przystani Warszawskiego Towarzystwa Wio\u015blarskiego przy ul. Wio\u015blarskiej 6, odby\u0142y si\u0119 Mistrzostwa Mazowsza na ergometrach wio\u015blarskich. M\u0142odsi zawodnicy mieli r\u00f3wnie\u017c mo\u017cliwo\u015b\u0107 wypr\u00f3bowania swoich si\u0142 w sztafetach organizowanych z programu M\u0142ode Polskie Wios\u0142a.&nbsp; W zawodach wzi\u0119\u0142a udzia\u0142 m\u0142odzie\u017c z Warszawy, P\u0142ocka, Kalisza oraz Krakowa, a dok\u0142adnie 48 ch\u0142opc\u00f3w i 21 dziewcz\u0105t, w sumie [&hellip;]<\/p>\n","protected":false},"author":1,"featured_media":29300,"comment_status":"closed","ping_status":"closed","sticky":false,"template":"","format":"standard","meta":{"_acf_changed":false,"footnotes":""},"categories":[1],"tags":[],"class_list":["post-29299","post","type-post","status-publish","format-standard","has-post-thumbnail","hentry","category-bez-kategorii"],"acf":[],"_links":{"self":[{"href":"https:\/\/wpserwis.cfolks.pl\/r2\/wp-json\/wp\/v2\/posts\/29299","targetHints":{"allow":["GET"]}}],"collection":[{"href":"https:\/\/wpserwis.cfolks.pl\/r2\/wp-json\/wp\/v2\/posts"}],"about":[{"href":"https:\/\/wpserwis.cfolks.pl\/r2\/wp-json\/wp\/v2\/types\/post"}],"author":[{"embeddable":true,"href":"https:\/\/wpserwis.cfolks.pl\/r2\/wp-json\/wp\/v2\/users\/1"}],"replies":[{"embeddable":true,"href":"https:\/\/wpserwis.cfolks.pl\/r2\/wp-json\/wp\/v2\/comments?post=29299"}],"version-history":[{"count":0,"href":"https:\/\/wpserwis.cfolks.pl\/r2\/wp-json\/wp\/v2\/posts\/29299\/revisions"}],"wp:featuredmedia":[{"embeddable":true,"href":"https:\/\/wpserwis.cfolks.pl\/r2\/wp-json\/"}],"wp:attachment":[{"href":"https:\/\/wpserwis.cfolks.pl\/r2\/wp-json\/wp\/v2\/media?parent=29299"}],"wp:term":[{"taxonomy":"category","embeddable":true,"href":"https:\/\/wpserwis.cfolks.pl\/r2\/wp-json\/wp\/v2\/categories?post=29299"},{"taxonomy":"post_tag","embeddable":true,"href":"https:\/\/wpserwis.cfolks.pl\/r2\/wp-json\/wp\/v2\/tags?post=29299"}],"curies":[{"name":"wp","href":"https:\/\/api.w.org\/{rel}","templated":true}]}}