{"id":29312,"date":"2023-03-09T09:56:34","date_gmt":"2023-03-09T08:56:34","guid":{"rendered":"https:\/\/wtw.waw.pl\/?p=29312"},"modified":"2023-03-09T09:56:34","modified_gmt":"2023-03-09T08:56:34","slug":"strefa-wtw-warszawa-na-zawodach-omdo","status":"publish","type":"post","link":"https:\/\/wpserwis.cfolks.pl\/r2\/strefa-wtw-warszawa-na-zawodach-omdo\/","title":{"rendered":"&#8222;PO DRUGIE WIO\u015aLARSTWO&#8221; &#8211; KOLEJNA ODS\u0141ONA NOWEGO PROJEKTU"},"content":{"rendered":"<div class=\"\" dir=\"auto\">\n<div id=\"jsc_c_ar\" class=\"x1iorvi4 x1pi30zi x1l90r2v x1swvt13\" data-ad-comet-preview=\"message\" data-ad-preview=\"message\">\n<div class=\"x78zum5 xdt5ytf xz62fqu x16ldp7u\">\n<div class=\"xu06os2 x1ok221b\">\n<div class=\"x11i5rnm xat24cr x1mh8g0r x1vvkbs xdj266r x126k92a\">\n<div dir=\"auto\">W najbli\u017csz\u0105 sobot\u0119 na p\u0142ywalni Centrum Sportowo &#8211; Rehabilitacyjnego WUM w Warszawie, odb\u0119dzie si\u0119 kolejna edycja zawod\u00f3w &#8222;Od m\u0142odzika do olimpijczyka&#8221; <a class=\"x1i10hfl xjbqb8w x6umtig x1b1mbwd xaqea5y xav7gou x9f619 x1ypdohk xt0psk2 xe8uvvx xdj266r x11i5rnm xat24cr x1mh8g0r xexx8yu x4uap5 x18d9i69 xkhd6sd x16tdsg8 x1hl2dhg xggy1nq x1a2a7pz xt0b8zv x1qq9wsj xo1l8bm\" tabindex=\"0\" role=\"link\" href=\"https:\/\/www.facebook.com\/OMDO.plywanie\/?__cft__[0]=AZWN06MP90vVEQeyiNNXqeszzX7om7BQgri4n7iydooQCqeMdtYNeupSAK80e_11fcQ9_sTmcPI1KUSbYOoMpBkmTvJbwIV8M172qwNScC4K9o_cZMDxvBf_9NuTs8pKkKhxAXby3d7bbbfBUytCqzMpG8UIoGBTjqv7yT2rdaMvQTVU8SxQC47ju9AMtNiKFKM&amp;__tn__=kK-R\"><span class=\"xt0psk2\">OMDO<\/span><\/a>. M\u0142odzi p\u0142ywacy walczy\u0107 b\u0119d\u0105 o punkty daj\u0105ce prawo startu w Wielkim Finale.<\/div>\n<div dir=\"auto\">&nbsp;<\/div>\n<div dir=\"auto\">Poza emocjami zwi\u0105zanymi z rywalizacj\u0105 na basenie dla uczestnik\u00f3w zawod\u00f3w przygotowana zosta\u0142a dodatkowa atrakcja. Dzi\u0119ki porozumieniu Zarz\u0105du G\u0142\u00f3wnego AZS i Polskiego Zwi\u0105zku Towarzystw Wio\u015blarskich oraz przy wsp\u00f3\u0142pracy z Warszawskim Towarzystwem Wio\u015blarskim, w\u0142a\u015bnie podczas tej imprezy obecny b\u0119dzie ponownie projekt &#8222;Po drugie &#8211; wio\u015blarstwo&#8221;.<\/div>\n<div dir=\"auto\">&nbsp;<\/div>\n<\/div>\n<div class=\"x11i5rnm xat24cr x1mh8g0r x1vvkbs xtlvy1s x126k92a\">\n<div dir=\"auto\">Program ma za zadanie przybli\u017cy\u0107 sportowcom r\u00f3\u017cnych dyscyplin, w tym p\u0142ywania, sport wio\u015blarski, kt\u00f3ry po zako\u0144czeniu uprawiania dotychczasowej dyscypliny mo\u017ce by\u0107 doskona\u0142\u0105 form\u0105 rozwoju kariery sportowej. Wielu wio\u015blarskich champion\u00f3w, w tym aktualnie najlepszy wio\u015blarz \u015bwiata, swoje mistrzostwo zawdzi\u0119czaj\u0105 treningowi p\u0142ywackiemu.<\/div>\n<div dir=\"auto\">&nbsp;<\/div>\n<\/div>\n<div class=\"x11i5rnm xat24cr x1mh8g0r x1vvkbs xtlvy1s x126k92a\">\n<div dir=\"auto\">W sobot\u0119 WTW Warszawa wsp\u00f3lnie z PZTW zorganizuje stref\u0119 wio\u015blarsk\u0105, w kt\u00f3rej mo\u017cna b\u0119dzie zg\u0142\u0119bi\u0107 tajniki dyscypliny m.in. poprzez rywalizacj\u0119 na ergometrach.<\/div>\n<div dir=\"auto\">B\u0119dzie to ponowna wizyta na p\u0142ywalni WUM. Projekt mia\u0142 sw\u00f3j debiut w grudniu ub.r. (<span style=\"color: #3366ff;\"><a style=\"color: #3366ff;\" href=\"https:\/\/wpserwis.cfolks.pl\/r2\/po-drugie-wioslarstwo-relacja-z-wydarzenia\/\">zobacz tutaj &#8211; kliknij<\/a>)<\/span><\/div>\n<div dir=\"auto\">&nbsp;<\/div>\n<div dir=\"auto\">By\u0107 mo\u017ce ju\u017c w niedalekiej przysz\u0142o\u015bci cz\u0119\u015b\u0107 z uczestnik\u00f3w sobotniej rywalizacji zechce spr\u00f3bowa\u0107 swoich si\u0142 na wios\u0142ach. Mocno liczymy, \u017ce projekt kt\u00f3rego jeste\u015bmy jednym z za\u0142o\u017cycieli, rozwinie si\u0119 wpisuj\u0105c na sta\u0142\u0119 w kalendarz imprez, nie tylko w Warszawie, ale i w miastach ca\u0142ej Polski.<\/div>\n<\/div>\n<\/div>\n<\/div>\n<\/div>\n<\/div>\n<div dir=\"auto\">&nbsp;<\/div>\n<div dir=\"auto\">Strefa dzia\u0142a\u0107 b\u0119dzie w godzinach 12:00 &#8211; 16:00.<\/div>\n<div dir=\"auto\">&nbsp;<\/div>\n<div dir=\"auto\"><a href=\"https:\/\/wpserwis.cfolks.pl\/r2\/wp-content\/uploads\/2022\/12\/B3A4EBCD-A91E-4114-BF3B-70C6F8FEC150.jpg\"><img loading=\"lazy\" decoding=\"async\" class=\"alignnone size-large wp-image-29348\" src=\"https:\/\/wpserwis.cfolks.pl\/r2\/wp-content\/uploads\/2022\/12\/B3A4EBCD-A91E-4114-BF3B-70C6F8FEC150-1024x1024.jpg\" alt=\"\" width=\"1024\" height=\"1024\"><\/a><\/div>\n<div dir=\"auto\">&nbsp;<\/div>\n<div dir=\"auto\">.<\/div>\n","protected":false},"excerpt":{"rendered":"<p>W najbli\u017csz\u0105 sobot\u0119 na p\u0142ywalni Centrum Sportowo &#8211; Rehabilitacyjnego WUM w Warszawie, odb\u0119dzie si\u0119 kolejna edycja zawod\u00f3w &#8222;Od m\u0142odzika do olimpijczyka&#8221; OMDO. M\u0142odzi p\u0142ywacy walczy\u0107 b\u0119d\u0105 o punkty daj\u0105ce prawo startu w Wielkim Finale. &nbsp; Poza emocjami zwi\u0105zanymi z rywalizacj\u0105 na basenie dla uczestnik\u00f3w zawod\u00f3w przygotowana zosta\u0142a dodatkowa atrakcja. Dzi\u0119ki porozumieniu Zarz\u0105du G\u0142\u00f3wnego AZS i [&hellip;]<\/p>\n","protected":false},"author":1,"featured_media":30012,"comment_status":"closed","ping_status":"closed","sticky":false,"template":"","format":"standard","meta":{"_acf_changed":false,"footnotes":""},"categories":[1],"tags":[],"class_list":["post-29312","post","type-post","status-publish","format-standard","has-post-thumbnail","hentry","category-bez-kategorii"],"acf":[],"_links":{"self":[{"href":"https:\/\/wpserwis.cfolks.pl\/r2\/wp-json\/wp\/v2\/posts\/29312","targetHints":{"allow":["GET"]}}],"collection":[{"href":"https:\/\/wpserwis.cfolks.pl\/r2\/wp-json\/wp\/v2\/posts"}],"about":[{"href":"https:\/\/wpserwis.cfolks.pl\/r2\/wp-json\/wp\/v2\/types\/post"}],"author":[{"embeddable":true,"href":"https:\/\/wpserwis.cfolks.pl\/r2\/wp-json\/wp\/v2\/users\/1"}],"replies":[{"embeddable":true,"href":"https:\/\/wpserwis.cfolks.pl\/r2\/wp-json\/wp\/v2\/comments?post=29312"}],"version-history":[{"count":0,"href":"https:\/\/wpserwis.cfolks.pl\/r2\/wp-json\/wp\/v2\/posts\/29312\/revisions"}],"wp:featuredmedia":[{"embeddable":true,"href":"https:\/\/wpserwis.cfolks.pl\/r2\/wp-json\/"}],"wp:attachment":[{"href":"https:\/\/wpserwis.cfolks.pl\/r2\/wp-json\/wp\/v2\/media?parent=29312"}],"wp:term":[{"taxonomy":"category","embeddable":true,"href":"https:\/\/wpserwis.cfolks.pl\/r2\/wp-json\/wp\/v2\/categories?post=29312"},{"taxonomy":"post_tag","embeddable":true,"href":"https:\/\/wpserwis.cfolks.pl\/r2\/wp-json\/wp\/v2\/tags?post=29312"}],"curies":[{"name":"wp","href":"https:\/\/api.w.org\/{rel}","templated":true}]}}