{"id":29316,"date":"2022-12-16T10:07:15","date_gmt":"2022-12-16T09:07:15","guid":{"rendered":"https:\/\/wtw.waw.pl\/?p=29316"},"modified":"2022-12-16T10:07:15","modified_gmt":"2022-12-16T09:07:15","slug":"kalendarz-wtw-na-2023-rok","status":"publish","type":"post","link":"https:\/\/wpserwis.cfolks.pl\/r2\/kalendarz-wtw-na-2023-rok\/","title":{"rendered":"KALENDARZ WTW NA 2023 ROK"},"content":{"rendered":"<div class=\"kvgmc6g5 cxmmr5t8 oygrvhab hcukyx3x c1et5uql ii04i59q\">\n<div dir=\"auto\">Szanowne Druhny i Druhowie, Przyjaciele i Sympatycy WTW.<\/div>\n<div dir=\"auto\">Chcieliby\u015bmy si\u0119 pochwali\u0107 naszym przepi\u0119knym KALENDARZEM na 2023 rok. W \u015brodku kalendarza znale\u017a\u0107 mo\u017cna same GWIAZDY naszego Towarzystwa, medalist\u00f3w Mistrzostw Polski i Europy.<\/div>\n<\/div>\n<div dir=\"auto\">&nbsp;<\/div>\n<h2 dir=\"auto\"><a href=\"https:\/\/wpserwis.cfolks.pl\/r2\/wp-content\/uploads\/2022\/12\/Kalendarz-2023.pdf\"><span style=\"color: #0000ff;\"><strong>ZOBACZ KALENDARZ WTW NA 2023 ROK &#8211; kliknij<\/strong><\/span><\/a><\/h2>\n<div dir=\"auto\">&nbsp;<\/div>\n<div class=\"cxmmr5t8 oygrvhab hcukyx3x c1et5uql o9v6fnle ii04i59q\">\n<div dir=\"auto\">Zdj\u0119cia do kalendarza zosta\u0142y wykonane podczas sesji zdj\u0119ciowej we wrze\u015bniu br. Autorem zdj\u0119\u0107 jest nasza Przyjaci\u00f3\u0142ka, znakomita fotograf i grafik \u2013 Mariola Matuszczyk.<\/div>\n<div dir=\"auto\">&nbsp;<\/div>\n<div dir=\"auto\">Kalendarz w edycji limitowanej b\u0119dzie dost\u0119pny od dzisiaj w naszym sklepie WTW .<\/div>\n<p dir=\"auto\"><strong>Koszt kalendarza 70 z\u0142&nbsp; &nbsp; &#8211; <a href=\"https:\/\/wpserwis.cfolks.pl\/r2\/produkt\/kalendarz-2023\/\"><em> kliknij tutaj, aby kupi\u0107 kalendarz WTW 2023<\/em><\/a><br \/>\n<\/strong><\/p>\n<p dir=\"auto\">Kalendarz mo\u017cna naby\u0107 poprzez nasz sklep internetowy (tylko z odbiorem osobistym) lub bezpo\u015brednio w biurze WTW przy ul. Wio\u015blarskiej 6.<\/p>\n<p dir=\"auto\">Doch\u00f3d ze sprzeda\u017cy, wspomo\u017ce zbi\u00f3rk\u0119 internetow\u0105 na zakup \u0142odzi wio\u015blarskiej dla naszego najlepszego obecnie zawodnika &#8211; Piotra P\u0142omi\u0144skiego &#8211; (<a href=\"https:\/\/zrzutka.pl\/ytpbna\"><strong><em>kliknij tutaj w link do zbi\u00f3rki<\/em><\/strong><\/a><em><strong>)<\/strong><\/em><\/p>\n<p dir=\"auto\">Zach\u0119camy do zakupu.<\/p>\n<\/div>\n<p dir=\"auto\">&nbsp;<\/p>\n<h6 dir=\"auto\">Specyfikacja:<\/h6>\n<h6>&#8211; kalendarz spiralowany<\/h6>\n<h6>&#8211; format: B2 (680 x 480 mm)<\/h6>\n<h6>&#8211; Kreda po\u0142ysk 250g (ok\u0142adka) kreda po\u0142ysk 170g (wn\u0119trze)<\/h6>\n<h6>&#8211; ilo\u015b\u0107 kart 1 + 6<\/h6>\n<h6>&#8211; lakierowanie standard<\/h6>\n<h6>&#8211; kolor spirali, zawieszki: czarny<\/h6>\n<h6>&#8211; zadruk dwustronny<\/h6>\n<p dir=\"auto\">&nbsp;<\/p>\n<p dir=\"auto\">&nbsp;<\/p>\n<p dir=\"auto\">&nbsp;<\/p>\n<p dir=\"auto\">&nbsp;<\/p>\n<p dir=\"auto\">.<\/p>\n","protected":false},"excerpt":{"rendered":"<p>Szanowne Druhny i Druhowie, Przyjaciele i Sympatycy WTW. Chcieliby\u015bmy si\u0119 pochwali\u0107 naszym przepi\u0119knym KALENDARZEM na 2023 rok. W \u015brodku kalendarza znale\u017a\u0107 mo\u017cna same GWIAZDY naszego Towarzystwa, medalist\u00f3w Mistrzostw Polski i Europy. &nbsp; ZOBACZ KALENDARZ WTW NA 2023 ROK &#8211; kliknij &nbsp; Zdj\u0119cia do kalendarza zosta\u0142y wykonane podczas sesji zdj\u0119ciowej we wrze\u015bniu br. Autorem zdj\u0119\u0107 jest [&hellip;]<\/p>\n","protected":false},"author":1,"featured_media":29317,"comment_status":"closed","ping_status":"closed","sticky":false,"template":"","format":"standard","meta":{"_acf_changed":false,"footnotes":""},"categories":[1],"tags":[],"class_list":["post-29316","post","type-post","status-publish","format-standard","has-post-thumbnail","hentry","category-bez-kategorii"],"acf":[],"_links":{"self":[{"href":"https:\/\/wpserwis.cfolks.pl\/r2\/wp-json\/wp\/v2\/posts\/29316","targetHints":{"allow":["GET"]}}],"collection":[{"href":"https:\/\/wpserwis.cfolks.pl\/r2\/wp-json\/wp\/v2\/posts"}],"about":[{"href":"https:\/\/wpserwis.cfolks.pl\/r2\/wp-json\/wp\/v2\/types\/post"}],"author":[{"embeddable":true,"href":"https:\/\/wpserwis.cfolks.pl\/r2\/wp-json\/wp\/v2\/users\/1"}],"replies":[{"embeddable":true,"href":"https:\/\/wpserwis.cfolks.pl\/r2\/wp-json\/wp\/v2\/comments?post=29316"}],"version-history":[{"count":0,"href":"https:\/\/wpserwis.cfolks.pl\/r2\/wp-json\/wp\/v2\/posts\/29316\/revisions"}],"wp:featuredmedia":[{"embeddable":true,"href":"https:\/\/wpserwis.cfolks.pl\/r2\/wp-json\/"}],"wp:attachment":[{"href":"https:\/\/wpserwis.cfolks.pl\/r2\/wp-json\/wp\/v2\/media?parent=29316"}],"wp:term":[{"taxonomy":"category","embeddable":true,"href":"https:\/\/wpserwis.cfolks.pl\/r2\/wp-json\/wp\/v2\/categories?post=29316"},{"taxonomy":"post_tag","embeddable":true,"href":"https:\/\/wpserwis.cfolks.pl\/r2\/wp-json\/wp\/v2\/tags?post=29316"}],"curies":[{"name":"wp","href":"https:\/\/api.w.org\/{rel}","templated":true}]}}