{"id":29480,"date":"2022-12-16T15:54:15","date_gmt":"2022-12-16T14:54:15","guid":{"rendered":"https:\/\/wtw.waw.pl\/?p=29480"},"modified":"2022-12-16T15:54:15","modified_gmt":"2022-12-16T14:54:15","slug":"final-tytana-w-tvp3-warszawa","status":"publish","type":"post","link":"https:\/\/wpserwis.cfolks.pl\/r2\/final-tytana-w-tvp3-warszawa\/","title":{"rendered":"FINA\u0141 TYTANA W TVP3 WARSZAWA"},"content":{"rendered":"<p>Od o\u015bmiu lat, a wi\u0119c od pocz\u0105tku zawod\u00f3w Wio\u015blarskiego Tytana Warszawy, je\u017adzi za nami kamera redakcji sportowej TVP3 Warszawa. Tak te\u017c by\u0142o i tym razem podczas zmaga\u0144 fina\u0142owych \u00f3smej edycji zawod\u00f3w.<\/p>\n<p>Dzi\u0119kujemy!<\/p>\n<p>&nbsp;<\/p>\n<p><iframe loading=\"lazy\" title=\"#8 TYTAN WIELKI FINA\u0141 - TVP3 Warszawa\" width=\"640\" height=\"360\" src=\"https:\/\/www.youtube.com\/embed\/80-2nc5M22U?feature=oembed\" frameborder=\"0\" allow=\"accelerometer; autoplay; clipboard-write; encrypted-media; gyroscope; picture-in-picture; web-share\" referrerpolicy=\"strict-origin-when-cross-origin\" allowfullscreen><\/iframe><\/p>\n<p>&nbsp;<\/p>\n<p>&nbsp;<\/p>\n<p>&nbsp;<\/p>\n<p>.<\/p>\n","protected":false},"excerpt":{"rendered":"<p>Od o\u015bmiu lat, a wi\u0119c od pocz\u0105tku zawod\u00f3w Wio\u015blarskiego Tytana Warszawy, je\u017adzi za nami kamera redakcji sportowej TVP3 Warszawa. Tak te\u017c by\u0142o i tym razem podczas zmaga\u0144 fina\u0142owych \u00f3smej edycji zawod\u00f3w. Dzi\u0119kujemy! &nbsp; &nbsp; &nbsp; &nbsp; .<\/p>\n","protected":false},"author":1,"featured_media":29481,"comment_status":"closed","ping_status":"closed","sticky":false,"template":"","format":"standard","meta":{"_acf_changed":false,"footnotes":""},"categories":[13],"tags":[],"class_list":["post-29480","post","type-post","status-publish","format-standard","has-post-thumbnail","hentry","category-tytan"],"acf":[],"_links":{"self":[{"href":"https:\/\/wpserwis.cfolks.pl\/r2\/wp-json\/wp\/v2\/posts\/29480","targetHints":{"allow":["GET"]}}],"collection":[{"href":"https:\/\/wpserwis.cfolks.pl\/r2\/wp-json\/wp\/v2\/posts"}],"about":[{"href":"https:\/\/wpserwis.cfolks.pl\/r2\/wp-json\/wp\/v2\/types\/post"}],"author":[{"embeddable":true,"href":"https:\/\/wpserwis.cfolks.pl\/r2\/wp-json\/wp\/v2\/users\/1"}],"replies":[{"embeddable":true,"href":"https:\/\/wpserwis.cfolks.pl\/r2\/wp-json\/wp\/v2\/comments?post=29480"}],"version-history":[{"count":0,"href":"https:\/\/wpserwis.cfolks.pl\/r2\/wp-json\/wp\/v2\/posts\/29480\/revisions"}],"wp:featuredmedia":[{"embeddable":true,"href":"https:\/\/wpserwis.cfolks.pl\/r2\/wp-json\/"}],"wp:attachment":[{"href":"https:\/\/wpserwis.cfolks.pl\/r2\/wp-json\/wp\/v2\/media?parent=29480"}],"wp:term":[{"taxonomy":"category","embeddable":true,"href":"https:\/\/wpserwis.cfolks.pl\/r2\/wp-json\/wp\/v2\/categories?post=29480"},{"taxonomy":"post_tag","embeddable":true,"href":"https:\/\/wpserwis.cfolks.pl\/r2\/wp-json\/wp\/v2\/tags?post=29480"}],"curies":[{"name":"wp","href":"https:\/\/api.w.org\/{rel}","templated":true}]}}