{"id":29487,"date":"2022-12-19T10:01:21","date_gmt":"2022-12-19T09:01:21","guid":{"rendered":"https:\/\/wtw.waw.pl\/?p=29487"},"modified":"2022-12-19T10:01:21","modified_gmt":"2022-12-19T09:01:21","slug":"w-sobote-wioslowalismy-z-dzielnica-bemowo","status":"publish","type":"post","link":"https:\/\/wpserwis.cfolks.pl\/r2\/w-sobote-wioslowalismy-z-dzielnica-bemowo\/","title":{"rendered":"W SOBOT\u0118 WIOS\u0141OWALI\u015aMY Z DZIELNIC\u0104 BEMOWO"},"content":{"rendered":"<p>Dok\u0142adnie tak jak wskazuje nazwa imprezy &#8222;Rusz si\u0119 przed \u015awi\u0119tami&#8221;, w minion\u0105 sobot\u0119 ruszali\u015bmy si\u0119 z mieszka\u0144cami dzielnicy Bemowo w hali O\u015brodka Sportu i Rekreacji przy ul. Obro\u0144c\u00f3w Tobruku.<\/p>\n<p>Na zaproszenie Wydzia\u0142u Sportu Urz\u0119du dzielnicy Bemowo, WTW zorganizowa\u0142o stref\u0119 wio\u015blarsk\u0105 z ergometrami.<\/p>\n<p>W ci\u0105gu trzygodzinnej imprezy, uda\u0142o si\u0119 przeprowadzi\u0107 sporo wy\u015bcig\u00f3w &#8211; bo a\u017c 33.<\/p>\n<p>By\u0142o weso\u0142o, by\u0142y upominki i du\u017co dobrej energii. Podzi\u0119kowania dla naszych Trener\u00f3w i Pracownik\u00f3w, kt\u00f3rzy obs\u0142ugiwali stref\u0119 (Agnieszka Ca\u0142ka, Damian Siwiecki, Micha\u0142 Filipczak, Bogdan Okni\u0144ski).<\/p>\n<p>Do zobaczenia na kolejnych imprezach !<\/p>\n<p>&nbsp;<\/p>\n<p><a href=\"https:\/\/wpserwis.cfolks.pl\/r2\/wp-content\/uploads\/2022\/12\/IMG_9392.jpg\"><img loading=\"lazy\" decoding=\"async\" class=\"alignnone size-large wp-image-29489\" src=\"https:\/\/wpserwis.cfolks.pl\/r2\/wp-content\/uploads\/2022\/12\/IMG_9392-768x1024.jpg\" alt=\"\" width=\"768\" height=\"1024\"><\/a> <a href=\"https:\/\/wpserwis.cfolks.pl\/r2\/wp-content\/uploads\/2022\/12\/IMG_9393.jpg\"><img loading=\"lazy\" decoding=\"async\" class=\"alignnone size-large wp-image-29490\" src=\"https:\/\/wpserwis.cfolks.pl\/r2\/wp-content\/uploads\/2022\/12\/IMG_9393-1024x768.jpg\" alt=\"\" width=\"1024\" height=\"768\"><\/a> <a href=\"https:\/\/wpserwis.cfolks.pl\/r2\/wp-content\/uploads\/2022\/12\/IMG_9394.jpg\"><img loading=\"lazy\" decoding=\"async\" class=\"alignnone size-large wp-image-29491\" src=\"https:\/\/wpserwis.cfolks.pl\/r2\/wp-content\/uploads\/2022\/12\/IMG_9394-1024x768.jpg\" alt=\"\" width=\"1024\" height=\"768\"><\/a> <a href=\"https:\/\/wpserwis.cfolks.pl\/r2\/wp-content\/uploads\/2022\/12\/IMG_9395.jpg\"><img loading=\"lazy\" decoding=\"async\" class=\"alignnone size-large wp-image-29492\" src=\"https:\/\/wpserwis.cfolks.pl\/r2\/wp-content\/uploads\/2022\/12\/IMG_9395-1024x768.jpg\" alt=\"\" width=\"1024\" height=\"768\"><\/a> <a href=\"https:\/\/wpserwis.cfolks.pl\/r2\/wp-content\/uploads\/2022\/12\/IMG_9396.jpg\"><img loading=\"lazy\" decoding=\"async\" class=\"alignnone size-large wp-image-29493\" src=\"https:\/\/wpserwis.cfolks.pl\/r2\/wp-content\/uploads\/2022\/12\/IMG_9396-1024x768.jpg\" alt=\"\" width=\"1024\" height=\"768\"><\/a><\/p>\n<p>.<\/p>\n","protected":false},"excerpt":{"rendered":"<p>Dok\u0142adnie tak jak wskazuje nazwa imprezy &#8222;Rusz si\u0119 przed \u015awi\u0119tami&#8221;, w minion\u0105 sobot\u0119 ruszali\u015bmy si\u0119 z mieszka\u0144cami dzielnicy Bemowo w hali O\u015brodka Sportu i Rekreacji przy ul. Obro\u0144c\u00f3w Tobruku. Na zaproszenie Wydzia\u0142u Sportu Urz\u0119du dzielnicy Bemowo, WTW zorganizowa\u0142o stref\u0119 wio\u015blarsk\u0105 z ergometrami. W ci\u0105gu trzygodzinnej imprezy, uda\u0142o si\u0119 przeprowadzi\u0107 sporo wy\u015bcig\u00f3w &#8211; bo a\u017c 33. [&hellip;]<\/p>\n","protected":false},"author":1,"featured_media":29488,"comment_status":"closed","ping_status":"closed","sticky":false,"template":"","format":"standard","meta":{"_acf_changed":false,"footnotes":""},"categories":[1],"tags":[],"class_list":["post-29487","post","type-post","status-publish","format-standard","has-post-thumbnail","hentry","category-bez-kategorii"],"acf":[],"_links":{"self":[{"href":"https:\/\/wpserwis.cfolks.pl\/r2\/wp-json\/wp\/v2\/posts\/29487","targetHints":{"allow":["GET"]}}],"collection":[{"href":"https:\/\/wpserwis.cfolks.pl\/r2\/wp-json\/wp\/v2\/posts"}],"about":[{"href":"https:\/\/wpserwis.cfolks.pl\/r2\/wp-json\/wp\/v2\/types\/post"}],"author":[{"embeddable":true,"href":"https:\/\/wpserwis.cfolks.pl\/r2\/wp-json\/wp\/v2\/users\/1"}],"replies":[{"embeddable":true,"href":"https:\/\/wpserwis.cfolks.pl\/r2\/wp-json\/wp\/v2\/comments?post=29487"}],"version-history":[{"count":0,"href":"https:\/\/wpserwis.cfolks.pl\/r2\/wp-json\/wp\/v2\/posts\/29487\/revisions"}],"wp:featuredmedia":[{"embeddable":true,"href":"https:\/\/wpserwis.cfolks.pl\/r2\/wp-json\/"}],"wp:attachment":[{"href":"https:\/\/wpserwis.cfolks.pl\/r2\/wp-json\/wp\/v2\/media?parent=29487"}],"wp:term":[{"taxonomy":"category","embeddable":true,"href":"https:\/\/wpserwis.cfolks.pl\/r2\/wp-json\/wp\/v2\/categories?post=29487"},{"taxonomy":"post_tag","embeddable":true,"href":"https:\/\/wpserwis.cfolks.pl\/r2\/wp-json\/wp\/v2\/tags?post=29487"}],"curies":[{"name":"wp","href":"https:\/\/api.w.org\/{rel}","templated":true}]}}