{"id":29682,"date":"2023-01-19T13:26:36","date_gmt":"2023-01-19T12:26:36","guid":{"rendered":"https:\/\/wtw.waw.pl\/?p=29682"},"modified":"2023-01-19T13:26:36","modified_gmt":"2023-01-19T12:26:36","slug":"29682-2","status":"publish","type":"post","link":"https:\/\/wpserwis.cfolks.pl\/r2\/29682-2\/","title":{"rendered":"MARYNARKA KLUBOWA WTW WARSZAWA"},"content":{"rendered":"<p>Rok 2023, to rok szczeg\u00f3lny dla Warszawskiego Towarzystwa Wio\u015blarskiego. W tym roku \u015bwi\u0119tujemy Jubileusz 145 &#8211; lecia naszej dzia\u0142alno\u015bci.<br \/>\nNasz Jubileusz, jest jednocze\u015bnie \u015bwi\u0119tem ca\u0142ego sportu polskiego &#8211; WTW jest najstarszym stowarzyszeniem sportowym w Polsce.<\/p>\n<p>W zwi\u0105zku z powy\u017cszym, jest nam niezmiernie mi\u0142o poinformowa\u0107 Pa\u0144stwa o mo\u017cliwo\u015bci uszycia marynarek klubowych.<\/p>\n<p>Pod koniec 2022r., WTW Warszawa rozpocz\u0119\u0142o wsp\u00f3\u0142prac\u0119 z firm\u0105 Tailors Club. Dzi\u0119ki tej wsp\u00f3\u0142pracy, w tym roku b\u0119dziemy udost\u0119pnia\u0107 mo\u017cliwo\u015b\u0107 uszycia i zakupu ubra\u0144 oraz akcesori\u00f3w klubowych.<\/p>\n<p>Punktem startu b\u0119d\u0105 w\u0142a\u015bnie marynarki klubowe, szyte na miar\u0119, z mo\u017cliwo\u015bci\u0105 personalizacji (inicja\u0142y, guziki, metka, rozmiar klap, etc.)<\/p>\n<p><span class=\"x193iq5w xeuugli x13faqbe x1vvkbs xlh3980 xvmahel x1n0sxbx x1lliihq x1s928wv xhkezso x1gmr53x x1cpjm7i x1fgarty x1943h6x xudqn12 x3x7a5m x6prxxf xvq8zen xo1l8bm xzsf02u x1yc453h\" dir=\"auto\">* Dzi\u0119ki dzia\u0142aniom marketingowym WTW, uda\u0142o si\u0119 wypracowa\u0107 atrakcyjne ceny uszycia marynarek.<\/span><\/p>\n<p>Wszystkie informacje znajduj\u0105 si\u0119 TUTAJ &#8211; <a href=\"https:\/\/wpserwis.cfolks.pl\/r2\/wp-content\/uploads\/2023\/01\/WTW-x-Tailors-Club.pdf\">WTW x Tailors Club<\/a><\/p>\n<p>Zobacz r\u00f3wnie\u017c film z prezentacj\u0105 : <a href=\"https:\/\/youtu.be\/S46-ZeaYu-U\">https:\/\/youtu.be\/S46-ZeaYu-U<\/a><\/p>\n<p>W przypadku pyta\u0144 prosimy o kontakt z Dyrektorem Biura WTW Panem Maciejem \u015aliwi\u0144skim ( <a href=\"mailto:maciej.sliwinski@wtw.waw.pl\">maciej.sliwinski@wtw.waw.pl<\/a> )<\/p>\n<p><strong>Wa\u017cne:<\/strong><br \/>\n&#8211; czas realizacji (liczony od zam\u00f3wienia) oko\u0142o 4 tygodni<br \/>\n&#8211; przedp\u0142ata 50% na konto WTW w momencie sk\u0142adania zam\u00f3wienia<br \/>\n(nr konta WTW: BNP Paribas 36 2030 0045 1110 0000 0198 1070) tytu\u0142 przelewu: &#8222;wp\u0142ata na cele statutowe&#8221;<\/p>\n<p>Serdecznie zach\u0119camy wszystkich Cz\u0142onk\u00f3w WTW Warszawa do sk\u0142adania zam\u00f3wie\u0144 na marynarki klubowe.<\/p>\n<p>&nbsp;<\/p>\n<p>&nbsp;<a href=\"https:\/\/wpserwis.cfolks.pl\/r2\/wp-content\/uploads\/2023\/01\/Zrzut-ekranu-2023-01-19-o-13.19.38-1.png\"><img loading=\"lazy\" decoding=\"async\" class=\"alignnone size-large wp-image-29685\" src=\"https:\/\/wpserwis.cfolks.pl\/r2\/wp-content\/uploads\/2023\/01\/Zrzut-ekranu-2023-01-19-o-13.19.38-1-1024x573.png\" alt=\"\" width=\"1024\" height=\"573\"><\/a><a href=\"https:\/\/wpserwis.cfolks.pl\/r2\/wp-content\/uploads\/2023\/01\/Zrzut-ekranu-2023-01-19-o-13.20.42.png\"><img loading=\"lazy\" decoding=\"async\" class=\"alignnone size-large wp-image-29686\" src=\"https:\/\/wpserwis.cfolks.pl\/r2\/wp-content\/uploads\/2023\/01\/Zrzut-ekranu-2023-01-19-o-13.20.42-1024x572.png\" alt=\"\" width=\"1024\" height=\"572\"><\/a><a href=\"https:\/\/wpserwis.cfolks.pl\/r2\/wp-content\/uploads\/2023\/01\/Zrzut-ekranu-2023-01-19-o-13.21.16.png\"><img loading=\"lazy\" decoding=\"async\" class=\"alignnone size-large wp-image-29687\" src=\"https:\/\/wpserwis.cfolks.pl\/r2\/wp-content\/uploads\/2023\/01\/Zrzut-ekranu-2023-01-19-o-13.21.16-1024x575.png\" alt=\"\" width=\"1024\" height=\"575\"><\/a><\/p>\n<p>&nbsp;<\/p>\n<p>&nbsp;<\/p>\n<p>.<\/p>\n<p>&nbsp;<\/p>\n<p>&nbsp;<\/p>\n","protected":false},"excerpt":{"rendered":"<p>Rok 2023, to rok szczeg\u00f3lny dla Warszawskiego Towarzystwa Wio\u015blarskiego. W tym roku \u015bwi\u0119tujemy Jubileusz 145 &#8211; lecia naszej dzia\u0142alno\u015bci. Nasz Jubileusz, jest jednocze\u015bnie \u015bwi\u0119tem ca\u0142ego sportu polskiego &#8211; WTW jest najstarszym stowarzyszeniem sportowym w Polsce. W zwi\u0105zku z powy\u017cszym, jest nam niezmiernie mi\u0142o poinformowa\u0107 Pa\u0144stwa o mo\u017cliwo\u015bci uszycia marynarek klubowych. Pod koniec 2022r., WTW Warszawa [&hellip;]<\/p>\n","protected":false},"author":1,"featured_media":29684,"comment_status":"closed","ping_status":"closed","sticky":false,"template":"","format":"standard","meta":{"_acf_changed":false,"footnotes":""},"categories":[1],"tags":[],"class_list":["post-29682","post","type-post","status-publish","format-standard","has-post-thumbnail","hentry","category-bez-kategorii"],"acf":[],"_links":{"self":[{"href":"https:\/\/wpserwis.cfolks.pl\/r2\/wp-json\/wp\/v2\/posts\/29682","targetHints":{"allow":["GET"]}}],"collection":[{"href":"https:\/\/wpserwis.cfolks.pl\/r2\/wp-json\/wp\/v2\/posts"}],"about":[{"href":"https:\/\/wpserwis.cfolks.pl\/r2\/wp-json\/wp\/v2\/types\/post"}],"author":[{"embeddable":true,"href":"https:\/\/wpserwis.cfolks.pl\/r2\/wp-json\/wp\/v2\/users\/1"}],"replies":[{"embeddable":true,"href":"https:\/\/wpserwis.cfolks.pl\/r2\/wp-json\/wp\/v2\/comments?post=29682"}],"version-history":[{"count":0,"href":"https:\/\/wpserwis.cfolks.pl\/r2\/wp-json\/wp\/v2\/posts\/29682\/revisions"}],"wp:featuredmedia":[{"embeddable":true,"href":"https:\/\/wpserwis.cfolks.pl\/r2\/wp-json\/"}],"wp:attachment":[{"href":"https:\/\/wpserwis.cfolks.pl\/r2\/wp-json\/wp\/v2\/media?parent=29682"}],"wp:term":[{"taxonomy":"category","embeddable":true,"href":"https:\/\/wpserwis.cfolks.pl\/r2\/wp-json\/wp\/v2\/categories?post=29682"},{"taxonomy":"post_tag","embeddable":true,"href":"https:\/\/wpserwis.cfolks.pl\/r2\/wp-json\/wp\/v2\/tags?post=29682"}],"curies":[{"name":"wp","href":"https:\/\/api.w.org\/{rel}","templated":true}]}}