{"id":30062,"date":"2023-03-16T11:06:25","date_gmt":"2023-03-16T10:06:25","guid":{"rendered":"https:\/\/wtw.waw.pl\/?p=30062"},"modified":"2023-03-16T11:06:25","modified_gmt":"2023-03-16T10:06:25","slug":"wioslarski-tytan-warszawy-sportem-roku-w-plebiscycie-warszawiaki","status":"publish","type":"post","link":"https:\/\/wpserwis.cfolks.pl\/r2\/wioslarski-tytan-warszawy-sportem-roku-w-plebiscycie-warszawiaki\/","title":{"rendered":"WIO\u015aLARSKI TYTAN WARSZAWY SPORTEM ROKU W PLEBISCYCIE &#8222;WARSZAWIAKI&#8221; !"},"content":{"rendered":"<p>To naprawd\u0119 fantastyczne wydarzenie. Projekt naszego Klubu &#8222;Wio\u015blarski Tytan Warszawy&#8221; zosta\u0142 zwyci\u0119zc\u0105 w kategorii Sport Roku 2022 w Plebiscycie Warszawiaki. Zwyci\u0119stwo jest tym bardziej okaza\u0142e, gdy\u017c na wszystkie zg\u0142oszone wydarzenia, przez ca\u0142y miesi\u0105c luty, g\u0142osowali internetowo Warszawiacy.<\/p>\n<p>W dniu wczorajszym w Bia\u0142o\u0142\u0119ckim Domu Kultury odby\u0142a si\u0119 uroczysta Gala fina\u0142owa rozstrzygaj\u0105ca konkurs.<\/p>\n<p>Warszawskie Towarzystwo Wio\u015blarskie reprezentowa\u0142 Dyrektor Biura Pan Maciej \u015aliwi\u0144ski, kt\u00f3ry z r\u0105k Wiceprezydent m.st. Warszawy Pani Renaty Kaznowskiej, odebra\u0142 nagrod\u0119 za pierwsze miejsce w kategorii Sport Roku.<\/p>\n<p>Jest to dla WTW szczeg\u00f3lne wyr\u00f3\u017cnienie w szczeg\u00f3lnym, jubileuszowym roku. Bie\u017c\u0105cy rok to \u015bwi\u0119to sportu polskiego &#8211; 145 lat dzia\u0142alno\u015bci najstarszego stowarzyszenia sportowego jakim jest Warszawskie Towarzystwo Wio\u015blarskie.<\/p>\n<p>Ta nagroda to przede wszystkim praca ca\u0142ego team&#8217;u Tytana czyli du\u017cej rzeszy ludzi zaanga\u017cowanych w projekt &#8211; Pracownik\u00f3w WTW, Trener\u00f3w WTW, zawodnik\u00f3w wolontariuszy, Cz\u0142onk\u00f3w WTW.<\/p>\n<p>Szczeg\u00f3lne podzi\u0119kowania kierujemy do warszawskich Dzielnic i O\u015brodk\u00f3w Sportu i Rekreacji &#8211; nie ma dobrych imprez bez dobrych partner\u00f3w, a takim w\u0142a\u015bnie s\u0105 wy\u017cej wymienieni, kt\u00f3rzy mocno nas wspieraj\u0105 od samego pocz\u0105tku Tytana (rok 2014).<\/p>\n<p>Jesieni\u0105 2023 rusza kolejna, dziewi\u0105ta edycja Wio\u015blarskiego Tytana Warszawy, jest wielce prawdopodobne \u017ce padnie kolejny rekord i wios\u0142owa\u0107 z Tytanem b\u0119dzie a\u017c 13 dzielnica Warszawy !<\/p>\n<p><a href=\"https:\/\/wpserwis.cfolks.pl\/r2\/wp-content\/uploads\/2023\/03\/gala-36-scaled-1.jpg\"><img loading=\"lazy\" decoding=\"async\" class=\"alignnone wp-image-30092 size-medium\" src=\"https:\/\/wpserwis.cfolks.pl\/r2\/wp-content\/uploads\/2023\/03\/gala-36-scaled-1-300x217.jpg\" alt=\"\" width=\"300\" height=\"217\"><\/a><a href=\"https:\/\/wpserwis.cfolks.pl\/r2\/wp-content\/uploads\/2023\/03\/gala-7-scaled-1.jpg\"><img loading=\"lazy\" decoding=\"async\" class=\"alignnone wp-image-30091 size-medium\" src=\"https:\/\/wpserwis.cfolks.pl\/r2\/wp-content\/uploads\/2023\/03\/gala-7-scaled-1-300x200.jpg\" alt=\"\" width=\"300\" height=\"200\"><\/a><a href=\"https:\/\/wpserwis.cfolks.pl\/r2\/wp-content\/uploads\/2023\/03\/gala-33-scaled-1.jpg\"><img loading=\"lazy\" decoding=\"async\" class=\"alignnone wp-image-30090 size-medium\" src=\"https:\/\/wpserwis.cfolks.pl\/r2\/wp-content\/uploads\/2023\/03\/gala-33-scaled-1-300x200.jpg\" alt=\"\" width=\"300\" height=\"200\"><\/a><a href=\"https:\/\/wpserwis.cfolks.pl\/r2\/wp-content\/uploads\/2023\/03\/IMG_0374-scaled.jpg\"><img loading=\"lazy\" decoding=\"async\" class=\"alignnone wp-image-30074 size-medium\" src=\"https:\/\/wpserwis.cfolks.pl\/r2\/wp-content\/uploads\/2023\/03\/IMG_0374-225x300.jpg\" alt=\"\" width=\"225\" height=\"300\"><\/a><a href=\"https:\/\/wpserwis.cfolks.pl\/r2\/wp-content\/uploads\/2023\/03\/335959671_136780299077192_6641960645446648711_n-1.jpg\"><img loading=\"lazy\" decoding=\"async\" class=\"alignnone wp-image-30073 size-medium\" src=\"https:\/\/wpserwis.cfolks.pl\/r2\/wp-content\/uploads\/2023\/03\/335959671_136780299077192_6641960645446648711_n-1-300x300.jpg\" alt=\"\" width=\"300\" height=\"300\"><\/a> <a href=\"https:\/\/wpserwis.cfolks.pl\/r2\/wp-content\/uploads\/2023\/03\/IMG_0371-scaled.jpg\"><img loading=\"lazy\" decoding=\"async\" class=\"alignnone wp-image-30082 size-medium\" src=\"https:\/\/wpserwis.cfolks.pl\/r2\/wp-content\/uploads\/2023\/03\/IMG_0371-225x300.jpg\" alt=\"\" width=\"225\" height=\"300\"><\/a><a href=\"https:\/\/wpserwis.cfolks.pl\/r2\/wp-content\/uploads\/2023\/03\/IMG_0348-scaled.jpg\"><img loading=\"lazy\" decoding=\"async\" class=\"alignnone wp-image-30079 size-medium\" src=\"https:\/\/wpserwis.cfolks.pl\/r2\/wp-content\/uploads\/2023\/03\/IMG_0348-225x300.jpg\" alt=\"\" width=\"225\" height=\"300\"><\/a><a href=\"https:\/\/wpserwis.cfolks.pl\/r2\/wp-content\/uploads\/2023\/03\/IMG_0346-scaled.jpg\"><img loading=\"lazy\" decoding=\"async\" class=\"alignnone wp-image-30072 size-medium\" src=\"https:\/\/wpserwis.cfolks.pl\/r2\/wp-content\/uploads\/2023\/03\/IMG_0346-300x225.jpg\" alt=\"\" width=\"300\" height=\"225\"><\/a> <a href=\"https:\/\/wpserwis.cfolks.pl\/r2\/wp-content\/uploads\/2023\/03\/IMG_0376-1.jpg\"><img loading=\"lazy\" decoding=\"async\" class=\"alignnone wp-image-30075 size-medium\" src=\"https:\/\/wpserwis.cfolks.pl\/r2\/wp-content\/uploads\/2023\/03\/IMG_0376-1-300x225.jpg\" alt=\"\" width=\"300\" height=\"225\"><\/a><a href=\"https:\/\/wpserwis.cfolks.pl\/r2\/wp-content\/uploads\/2023\/03\/IMG_0368-scaled.jpg\"><img loading=\"lazy\" decoding=\"async\" class=\"alignnone wp-image-30076 size-medium\" src=\"https:\/\/wpserwis.cfolks.pl\/r2\/wp-content\/uploads\/2023\/03\/IMG_0368-300x225.jpg\" alt=\"\" width=\"300\" height=\"225\"><\/a><\/p>\n<p>&nbsp;<\/p>\n<p>&nbsp;<\/p>\n<p>&nbsp;<\/p>\n<p>&nbsp;<\/p>\n<p>&nbsp;<\/p>\n","protected":false},"excerpt":{"rendered":"<p>To naprawd\u0119 fantastyczne wydarzenie. Projekt naszego Klubu &#8222;Wio\u015blarski Tytan Warszawy&#8221; zosta\u0142 zwyci\u0119zc\u0105 w kategorii Sport Roku 2022 w Plebiscycie Warszawiaki. Zwyci\u0119stwo jest tym bardziej okaza\u0142e, gdy\u017c na wszystkie zg\u0142oszone wydarzenia, przez ca\u0142y miesi\u0105c luty, g\u0142osowali internetowo Warszawiacy. W dniu wczorajszym w Bia\u0142o\u0142\u0119ckim Domu Kultury odby\u0142a si\u0119 uroczysta Gala fina\u0142owa rozstrzygaj\u0105ca konkurs. Warszawskie Towarzystwo Wio\u015blarskie reprezentowa\u0142 [&hellip;]<\/p>\n","protected":false},"author":1,"featured_media":30063,"comment_status":"closed","ping_status":"closed","sticky":false,"template":"","format":"standard","meta":{"_acf_changed":false,"footnotes":""},"categories":[1,13],"tags":[],"class_list":["post-30062","post","type-post","status-publish","format-standard","has-post-thumbnail","hentry","category-bez-kategorii","category-tytan"],"acf":[],"_links":{"self":[{"href":"https:\/\/wpserwis.cfolks.pl\/r2\/wp-json\/wp\/v2\/posts\/30062","targetHints":{"allow":["GET"]}}],"collection":[{"href":"https:\/\/wpserwis.cfolks.pl\/r2\/wp-json\/wp\/v2\/posts"}],"about":[{"href":"https:\/\/wpserwis.cfolks.pl\/r2\/wp-json\/wp\/v2\/types\/post"}],"author":[{"embeddable":true,"href":"https:\/\/wpserwis.cfolks.pl\/r2\/wp-json\/wp\/v2\/users\/1"}],"replies":[{"embeddable":true,"href":"https:\/\/wpserwis.cfolks.pl\/r2\/wp-json\/wp\/v2\/comments?post=30062"}],"version-history":[{"count":0,"href":"https:\/\/wpserwis.cfolks.pl\/r2\/wp-json\/wp\/v2\/posts\/30062\/revisions"}],"wp:featuredmedia":[{"embeddable":true,"href":"https:\/\/wpserwis.cfolks.pl\/r2\/wp-json\/"}],"wp:attachment":[{"href":"https:\/\/wpserwis.cfolks.pl\/r2\/wp-json\/wp\/v2\/media?parent=30062"}],"wp:term":[{"taxonomy":"category","embeddable":true,"href":"https:\/\/wpserwis.cfolks.pl\/r2\/wp-json\/wp\/v2\/categories?post=30062"},{"taxonomy":"post_tag","embeddable":true,"href":"https:\/\/wpserwis.cfolks.pl\/r2\/wp-json\/wp\/v2\/tags?post=30062"}],"curies":[{"name":"wp","href":"https:\/\/api.w.org\/{rel}","templated":true}]}}