{"id":30085,"date":"2023-03-16T14:33:09","date_gmt":"2023-03-16T13:33:09","guid":{"rendered":"https:\/\/wtw.waw.pl\/?p=30085"},"modified":"2023-03-16T14:33:09","modified_gmt":"2023-03-16T13:33:09","slug":"tytan-sportem-roku-2022-moment-ogloszenia-zwyciestwa-video","status":"publish","type":"post","link":"https:\/\/wpserwis.cfolks.pl\/r2\/tytan-sportem-roku-2022-moment-ogloszenia-zwyciestwa-video\/","title":{"rendered":"TYTAN SPORTEM ROKU 2022 &#8211; MOMENT OG\u0141OSZENIA ZWYCI\u0118STWA (VIDEO)"},"content":{"rendered":"<p>Wio\u015blarski Tytan Warszawy &#8211; g\u0142osami mieszka\u0144c\u00f3w Warszawy i nie tylko, zosta\u0142 wybrany Sportem Roku 2022 w Plebiscycie &#8222;Warszawiaki&#8221;.<\/p>\n<p>To wszystko w roku Jubileuszu 145 lat dzia\u0142alno\u015bci WTW. Lepiej nie mogli\u015bmy trafi\u0107 !<\/p>\n<p>Wczorajsza gala fina\u0142owa Plebiscytu &#8222;Warszawiaki&#8221; by\u0142a transmitowana &#8222;na \u017cywo&#8221; w Internecie. Dzi\u0119ki temu mo\u017cemy zapisa\u0107 sobie i prezentowa\u0107 ten niezwykle mi\u0142y dla nas moment.<\/p>\n<p>Nagrod\u0119 Dyrektorowi WTW Panu Maciejowi \u015aliwi\u0144skiemu, wr\u0119cza\u0142a Pani Renata Kaznowska &#8211; Wiceprezydent m.st. Warszawy.<\/p>\n<p>materia\u0142: <a href=\"https:\/\/www.facebook.com\/WarszawiakiPlebiscyt\">https:\/\/www.facebook.com\/WarszawiakiPlebiscyt<\/a><\/p>\n<p><iframe loading=\"lazy\" width=\"100%\" height=\"450\" src=\"https:\/\/www.youtube.com\/embed\/hqLA79IIuaA\" title=\"YouTube video player\" frameborder=\"0\" allow=\"accelerometer; autoplay; clipboard-write; encrypted-media; gyroscope; picture-in-picture; web-share\" allowfullscreen><\/iframe><br \/>\n.<\/p>\n","protected":false},"excerpt":{"rendered":"<p>Wio\u015blarski Tytan Warszawy &#8211; g\u0142osami mieszka\u0144c\u00f3w Warszawy i nie tylko, zosta\u0142 wybrany Sportem Roku 2022 w Plebiscycie &#8222;Warszawiaki&#8221;. To wszystko w roku Jubileuszu 145 lat dzia\u0142alno\u015bci WTW. Lepiej nie mogli\u015bmy trafi\u0107 ! Wczorajsza gala fina\u0142owa Plebiscytu &#8222;Warszawiaki&#8221; by\u0142a transmitowana &#8222;na \u017cywo&#8221; w Internecie. Dzi\u0119ki temu mo\u017cemy zapisa\u0107 sobie i prezentowa\u0107 ten niezwykle mi\u0142y dla nas [&hellip;]<\/p>\n","protected":false},"author":1,"featured_media":30086,"comment_status":"closed","ping_status":"closed","sticky":false,"template":"","format":"standard","meta":{"_acf_changed":false,"footnotes":""},"categories":[13],"tags":[],"class_list":["post-30085","post","type-post","status-publish","format-standard","has-post-thumbnail","hentry","category-tytan"],"acf":[],"_links":{"self":[{"href":"https:\/\/wpserwis.cfolks.pl\/r2\/wp-json\/wp\/v2\/posts\/30085","targetHints":{"allow":["GET"]}}],"collection":[{"href":"https:\/\/wpserwis.cfolks.pl\/r2\/wp-json\/wp\/v2\/posts"}],"about":[{"href":"https:\/\/wpserwis.cfolks.pl\/r2\/wp-json\/wp\/v2\/types\/post"}],"author":[{"embeddable":true,"href":"https:\/\/wpserwis.cfolks.pl\/r2\/wp-json\/wp\/v2\/users\/1"}],"replies":[{"embeddable":true,"href":"https:\/\/wpserwis.cfolks.pl\/r2\/wp-json\/wp\/v2\/comments?post=30085"}],"version-history":[{"count":0,"href":"https:\/\/wpserwis.cfolks.pl\/r2\/wp-json\/wp\/v2\/posts\/30085\/revisions"}],"wp:featuredmedia":[{"embeddable":true,"href":"https:\/\/wpserwis.cfolks.pl\/r2\/wp-json\/"}],"wp:attachment":[{"href":"https:\/\/wpserwis.cfolks.pl\/r2\/wp-json\/wp\/v2\/media?parent=30085"}],"wp:term":[{"taxonomy":"category","embeddable":true,"href":"https:\/\/wpserwis.cfolks.pl\/r2\/wp-json\/wp\/v2\/categories?post=30085"},{"taxonomy":"post_tag","embeddable":true,"href":"https:\/\/wpserwis.cfolks.pl\/r2\/wp-json\/wp\/v2\/tags?post=30085"}],"curies":[{"name":"wp","href":"https:\/\/api.w.org\/{rel}","templated":true}]}}