{"id":30223,"date":"2023-03-23T11:51:54","date_gmt":"2023-03-23T10:51:54","guid":{"rendered":"https:\/\/wtw.waw.pl\/?p=30223"},"modified":"2023-03-23T11:51:54","modified_gmt":"2023-03-23T10:51:54","slug":"wtw-z-wizyta-w-szkole-podstawowej-nr-404","status":"publish","type":"post","link":"https:\/\/wpserwis.cfolks.pl\/r2\/wtw-z-wizyta-w-szkole-podstawowej-nr-404\/","title":{"rendered":"WTW Z WIZYT\u0104 W SZKOLE PODSTAWOWEJ nr 404"},"content":{"rendered":"<p><span class=\"x193iq5w xeuugli x13faqbe x1vvkbs xlh3980 xvmahel x1n0sxbx x1lliihq x1s928wv xhkezso x1gmr53x x1cpjm7i x1fgarty x1943h6x xudqn12 x3x7a5m x6prxxf xvq8zen xo1l8bm xzsf02u x1yc453h\" dir=\"auto\">W tym tygodniu nasz <a class=\"x1i10hfl xjbqb8w x6umtig x1b1mbwd xaqea5y xav7gou x9f619 x1ypdohk xt0psk2 xe8uvvx xdj266r x11i5rnm xat24cr x1mh8g0r xexx8yu x4uap5 x18d9i69 xkhd6sd x16tdsg8 x1hl2dhg xggy1nq x1a2a7pz xt0b8zv x1qq9wsj xo1l8bm\" tabindex=\"0\" role=\"link\" href=\"https:\/\/www.facebook.com\/hashtag\/wtwteam?__eep__=6&amp;__cft__[0]=AZVv5zF5M9A27VKbWF-Xr4t0qTc79YUswv8txEmMDoenuQDVLG7dqCXVJ9hdCXDc7zVII5Mka2UJzRKctoBj7EVvYZ4gfqok55q4TnYfxhCVTCsxE-OD5Q-drAJtU-SErvIglZL4IpkeH-fStqKVN3YWdg1tRW5jeFc4yJTb-Fv3XuGFhwCr98Zw3eIHfhgX61o&amp;__tn__=*NK-R\">#wtwteam<\/a> zaw\u0119drowa\u0142 z ergometrami wio\u015blarskimi do Szko\u0142y Podstawowej nr 404. Wsp\u00f3lnie aktywnie sp\u0119dzili\u015bmy pierwszy dzie\u0144 kalendarzowej wiosny \u2026 i\u015bcie po wio\u015blarsku<span class=\"x3nfvp2 x1j61x8r x1fcty0u xdj266r xhhsvwb xat24cr xgzva0m xxymvpz xlup9mm x1kky2od\">. Spotkanie uda\u0142o si\u0119 zorganizowa\u0107 dzi\u0119ki inicjatywie naszej Pani Trener Oliwii Kalety.<br \/>\n<\/span><\/span><\/p>\n<p>Trwa nasza marcowa ofensywa spotka\u0144 z warszawskimi szko\u0142ami. Liczymy, \u017ce zarazimy do wodniactwa kolejne grupy fantastycznej m\u0142odzie\u017cy.<\/p>\n<p><a href=\"https:\/\/wpserwis.cfolks.pl\/r2\/wp-content\/uploads\/2023\/03\/336792239_611289653777949_8394571410721488777_n.jpg\"><img loading=\"lazy\" decoding=\"async\" class=\"alignnone wp-image-30224 size-medium\" src=\"https:\/\/wpserwis.cfolks.pl\/r2\/wp-content\/uploads\/2023\/03\/336792239_611289653777949_8394571410721488777_n-300x225.jpg\" alt=\"\" width=\"300\" height=\"225\"><\/a> <a href=\"https:\/\/wpserwis.cfolks.pl\/r2\/wp-content\/uploads\/2023\/03\/337136958_866494081091416_2084697803839645382_n.jpg\"><img loading=\"lazy\" decoding=\"async\" class=\"alignnone wp-image-30225 size-medium\" src=\"https:\/\/wpserwis.cfolks.pl\/r2\/wp-content\/uploads\/2023\/03\/337136958_866494081091416_2084697803839645382_n-300x226.jpg\" alt=\"\" width=\"300\" height=\"226\"><\/a> <a href=\"https:\/\/wpserwis.cfolks.pl\/r2\/wp-content\/uploads\/2023\/03\/337357461_762513395194767_35206527626390538_n.jpg\"><img loading=\"lazy\" decoding=\"async\" class=\"alignnone wp-image-30226 size-medium\" src=\"https:\/\/wpserwis.cfolks.pl\/r2\/wp-content\/uploads\/2023\/03\/337357461_762513395194767_35206527626390538_n-300x225.jpg\" alt=\"\" width=\"300\" height=\"225\"><\/a> <a href=\"https:\/\/wpserwis.cfolks.pl\/r2\/wp-content\/uploads\/2023\/03\/337429927_230800836175850_4932644637037263028_n.jpg\"><img loading=\"lazy\" decoding=\"async\" class=\"alignnone wp-image-30227 size-medium\" src=\"https:\/\/wpserwis.cfolks.pl\/r2\/wp-content\/uploads\/2023\/03\/337429927_230800836175850_4932644637037263028_n-300x225.jpg\" alt=\"\" width=\"300\" height=\"225\"><\/a> <a href=\"https:\/\/wpserwis.cfolks.pl\/r2\/wp-content\/uploads\/2023\/03\/337505185_590563006287783_7097051161248280997_n.jpg\"><img loading=\"lazy\" decoding=\"async\" class=\"alignnone wp-image-30228 size-medium\" src=\"https:\/\/wpserwis.cfolks.pl\/r2\/wp-content\/uploads\/2023\/03\/337505185_590563006287783_7097051161248280997_n-300x225.jpg\" alt=\"\" width=\"300\" height=\"225\"><\/a><\/p>\n<p>&nbsp;<\/p>\n<p>&nbsp;<\/p>\n<p>&nbsp;<\/p>\n<p>.<\/p>\n","protected":false},"excerpt":{"rendered":"<p>W tym tygodniu nasz #wtwteam zaw\u0119drowa\u0142 z ergometrami wio\u015blarskimi do Szko\u0142y Podstawowej nr 404. Wsp\u00f3lnie aktywnie sp\u0119dzili\u015bmy pierwszy dzie\u0144 kalendarzowej wiosny \u2026 i\u015bcie po wio\u015blarsku. Spotkanie uda\u0142o si\u0119 zorganizowa\u0107 dzi\u0119ki inicjatywie naszej Pani Trener Oliwii Kalety. Trwa nasza marcowa ofensywa spotka\u0144 z warszawskimi szko\u0142ami. Liczymy, \u017ce zarazimy do wodniactwa kolejne grupy fantastycznej m\u0142odzie\u017cy. &nbsp; &nbsp; [&hellip;]<\/p>\n","protected":false},"author":1,"featured_media":30229,"comment_status":"closed","ping_status":"closed","sticky":false,"template":"","format":"standard","meta":{"_acf_changed":false,"footnotes":""},"categories":[1],"tags":[],"class_list":["post-30223","post","type-post","status-publish","format-standard","has-post-thumbnail","hentry","category-bez-kategorii"],"acf":[],"_links":{"self":[{"href":"https:\/\/wpserwis.cfolks.pl\/r2\/wp-json\/wp\/v2\/posts\/30223","targetHints":{"allow":["GET"]}}],"collection":[{"href":"https:\/\/wpserwis.cfolks.pl\/r2\/wp-json\/wp\/v2\/posts"}],"about":[{"href":"https:\/\/wpserwis.cfolks.pl\/r2\/wp-json\/wp\/v2\/types\/post"}],"author":[{"embeddable":true,"href":"https:\/\/wpserwis.cfolks.pl\/r2\/wp-json\/wp\/v2\/users\/1"}],"replies":[{"embeddable":true,"href":"https:\/\/wpserwis.cfolks.pl\/r2\/wp-json\/wp\/v2\/comments?post=30223"}],"version-history":[{"count":0,"href":"https:\/\/wpserwis.cfolks.pl\/r2\/wp-json\/wp\/v2\/posts\/30223\/revisions"}],"wp:featuredmedia":[{"embeddable":true,"href":"https:\/\/wpserwis.cfolks.pl\/r2\/wp-json\/"}],"wp:attachment":[{"href":"https:\/\/wpserwis.cfolks.pl\/r2\/wp-json\/wp\/v2\/media?parent=30223"}],"wp:term":[{"taxonomy":"category","embeddable":true,"href":"https:\/\/wpserwis.cfolks.pl\/r2\/wp-json\/wp\/v2\/categories?post=30223"},{"taxonomy":"post_tag","embeddable":true,"href":"https:\/\/wpserwis.cfolks.pl\/r2\/wp-json\/wp\/v2\/tags?post=30223"}],"curies":[{"name":"wp","href":"https:\/\/api.w.org\/{rel}","templated":true}]}}