{"id":30284,"date":"2023-04-14T09:04:13","date_gmt":"2023-04-14T07:04:13","guid":{"rendered":"https:\/\/wtw.waw.pl\/?p=30284"},"modified":"2023-04-14T09:04:13","modified_gmt":"2023-04-14T07:04:13","slug":"otwarcie-sezonu-20-05-2023r","status":"publish","type":"post","link":"https:\/\/wpserwis.cfolks.pl\/r2\/otwarcie-sezonu-20-05-2023r\/","title":{"rendered":"OTWARCIE SEZONU 20.05.2023r."},"content":{"rendered":"<p>Zarz\u0105d Warszawskiego Towarzystwa Wio\u015blarskiego uprzejmie informuje, \u017ce w dniu 20.05.2023r. na przystani przy ul. Wio\u015blarskiej 6 w Warszawie, odb\u0119dzie si\u0119 Uroczysto\u015b\u0107 145-ego Otwarcia Sezonu Sportowo \u2013 Turystycznego WTW.<\/p>\n<p>&nbsp;<\/p>\n<p><strong>Program Uroczysto\u015bci:<\/strong><\/p>\n<p>08:00&nbsp; &#8211; Msza \u015awi\u0119ta w intencji WTW Warszawa, w Ko\u015bciele pod wezwaniem \u015aw.Tr\u00f3jcy, przy ul. Solec 61.<\/p>\n<p>&#8211; &#8211; &#8211; &#8211; &#8211; &#8211; &#8211; &#8211; &#8211; &#8211; &#8211; &#8211; &#8211; &#8211; &#8211; &#8211; &#8211; &#8211; &#8211; &#8211; &#8211; &#8211; &#8211; &#8211; &#8211; &#8211; &#8211; &#8211; &#8211; &#8211; &#8211; &#8211; &#8211; &#8211; &#8211; &#8211; &#8211; &#8211; &#8211; &#8211; &#8211; &#8211; &#8211; &#8211; &#8211; &#8211; &#8211; &#8211; &#8211; &#8211; &#8211; &#8211; &#8211; &#8211; &#8211; &#8211; &#8211; &#8211;<\/p>\n<p>16:00&nbsp; &#8211; Pocz\u0105tek oficjalnej cz\u0119\u015bci uroczysto\u015bci (przysta\u0144 WTW, ul. Wio\u015blarska 6), w programie:&nbsp;&nbsp;&nbsp;&nbsp;&nbsp;&nbsp;&nbsp;&nbsp;&nbsp;&nbsp;&nbsp;&nbsp;&nbsp;&nbsp;&nbsp;&nbsp;&nbsp;&nbsp;&nbsp;&nbsp;&nbsp;&nbsp;&nbsp;&nbsp;<\/p>\n<p><em>&nbsp;&nbsp;&nbsp;&nbsp;&nbsp;&nbsp;&nbsp;&nbsp;&nbsp;&nbsp;&nbsp;&nbsp;&nbsp;&nbsp; Wej\u015bcie pocztu sztandarowego i flagowego<\/em><\/p>\n<p><em>&nbsp;&nbsp;&nbsp;&nbsp;&nbsp;&nbsp;&nbsp;&nbsp;&nbsp;&nbsp;&nbsp;&nbsp;&nbsp; Meldunek<\/em><\/p>\n<p><em>&nbsp;&nbsp;&nbsp;&nbsp;&nbsp;&nbsp;&nbsp;&nbsp;&nbsp;&nbsp;&nbsp;&nbsp; Podniesienie bandery WTW na maszt<\/em><\/p>\n<p><em>&nbsp;&nbsp;&nbsp;&nbsp;&nbsp;&nbsp;&nbsp;&nbsp;&nbsp;&nbsp;&nbsp;&nbsp; Przywitanie Go\u015bci<\/em><\/p>\n<p><em>&nbsp;&nbsp;&nbsp;&nbsp;&nbsp;&nbsp;&nbsp;&nbsp;&nbsp;&nbsp;&nbsp; Wyst\u0105pienie Prezesa WTW<\/em><\/p>\n<p><em>&nbsp;&nbsp;&nbsp;&nbsp;&nbsp;&nbsp;&nbsp;&nbsp;&nbsp;&nbsp; Wyj\u015bcie pocztu sztandarowego<\/em><\/p>\n<p>16:40&nbsp; &#8211; Zako\u0144czenie cz\u0119\u015bci oficjalnej, pocz\u0119stunek.&nbsp;<\/p>\n<p>&nbsp;&nbsp;&nbsp;<\/p>\n<p>&nbsp;<\/p>\n<p>&nbsp;<\/p>\n<p>&nbsp;<\/p>\n","protected":false},"excerpt":{"rendered":"<p>Zarz\u0105d Warszawskiego Towarzystwa Wio\u015blarskiego uprzejmie informuje, \u017ce w dniu 20.05.2023r. na przystani przy ul. Wio\u015blarskiej 6 w Warszawie, odb\u0119dzie si\u0119 Uroczysto\u015b\u0107 145-ego Otwarcia Sezonu Sportowo \u2013 Turystycznego WTW. &nbsp; Program Uroczysto\u015bci: 08:00&nbsp; &#8211; Msza \u015awi\u0119ta w intencji WTW Warszawa, w Ko\u015bciele pod wezwaniem \u015aw.Tr\u00f3jcy, przy ul. Solec 61. &#8211; &#8211; &#8211; &#8211; &#8211; &#8211; &#8211; [&hellip;]<\/p>\n","protected":false},"author":1,"featured_media":29997,"comment_status":"closed","ping_status":"closed","sticky":false,"template":"","format":"standard","meta":{"_acf_changed":false,"footnotes":""},"categories":[1],"tags":[],"class_list":["post-30284","post","type-post","status-publish","format-standard","has-post-thumbnail","hentry","category-bez-kategorii"],"acf":[],"_links":{"self":[{"href":"https:\/\/wpserwis.cfolks.pl\/r2\/wp-json\/wp\/v2\/posts\/30284","targetHints":{"allow":["GET"]}}],"collection":[{"href":"https:\/\/wpserwis.cfolks.pl\/r2\/wp-json\/wp\/v2\/posts"}],"about":[{"href":"https:\/\/wpserwis.cfolks.pl\/r2\/wp-json\/wp\/v2\/types\/post"}],"author":[{"embeddable":true,"href":"https:\/\/wpserwis.cfolks.pl\/r2\/wp-json\/wp\/v2\/users\/1"}],"replies":[{"embeddable":true,"href":"https:\/\/wpserwis.cfolks.pl\/r2\/wp-json\/wp\/v2\/comments?post=30284"}],"version-history":[{"count":0,"href":"https:\/\/wpserwis.cfolks.pl\/r2\/wp-json\/wp\/v2\/posts\/30284\/revisions"}],"wp:featuredmedia":[{"embeddable":true,"href":"https:\/\/wpserwis.cfolks.pl\/r2\/wp-json\/"}],"wp:attachment":[{"href":"https:\/\/wpserwis.cfolks.pl\/r2\/wp-json\/wp\/v2\/media?parent=30284"}],"wp:term":[{"taxonomy":"category","embeddable":true,"href":"https:\/\/wpserwis.cfolks.pl\/r2\/wp-json\/wp\/v2\/categories?post=30284"},{"taxonomy":"post_tag","embeddable":true,"href":"https:\/\/wpserwis.cfolks.pl\/r2\/wp-json\/wp\/v2\/tags?post=30284"}],"curies":[{"name":"wp","href":"https:\/\/api.w.org\/{rel}","templated":true}]}}