{"id":30302,"date":"2023-04-20T15:33:50","date_gmt":"2023-04-20T13:33:50","guid":{"rendered":"https:\/\/wtw.waw.pl\/?p=30302"},"modified":"2023-04-20T15:33:50","modified_gmt":"2023-04-20T13:33:50","slug":"zmarl-jozef-galas","status":"publish","type":"post","link":"https:\/\/wpserwis.cfolks.pl\/r2\/zmarl-jozef-galas\/","title":{"rendered":"ZMAR\u0141 J\u00d3ZEF GALAS"},"content":{"rendered":"<p>Ze smutkiem zawiadamiamy, \u017ce w dniu dzisiejszym zmar\u0142 Pan J\u00f3zef Galas.<\/p>\n<p>J\u00f3zio by\u0142 Bosmanem w Warszawskim Towarzystwie Wio\u015blarskim pocz\u0105wszy od 1992 roku, a\u017c do przej\u015bcia na emerytur\u0119 w 2017 roku. &nbsp;<\/p>\n<p>Powiedzie\u0107 o J\u00f3zefie pracownik to za ma\u0142o. By\u0142 Przyjacielem Towarzystwa i z wzajemno\u015bci\u0105. Pe\u0142en u\u015bmiechu, zawsze s\u0142u\u017cy\u0142 pomoc\u0105, udziela\u0142 si\u0119 czynnie w organizacji imprez i zawod\u00f3w. Woda to by\u0142 jego \u017cywio\u0142.<\/p>\n<p>Pozostanie w pami\u0119ci wielu z nas !<\/p>\n<p>&nbsp;<\/p>\n<p><a href=\"https:\/\/wpserwis.cfolks.pl\/r2\/wp-content\/uploads\/2023\/04\/DSC00001-scaled.jpg\"><img loading=\"lazy\" decoding=\"async\" class=\"alignnone size-large wp-image-30304\" src=\"https:\/\/wpserwis.cfolks.pl\/r2\/wp-content\/uploads\/2023\/04\/DSC00001-1024x768.jpg\" alt=\"\" width=\"1024\" height=\"768\"><\/a> <a href=\"https:\/\/wpserwis.cfolks.pl\/r2\/wp-content\/uploads\/2023\/04\/DSCN4496-scaled.jpg\"><img loading=\"lazy\" decoding=\"async\" class=\"alignnone size-large wp-image-30305\" src=\"https:\/\/wpserwis.cfolks.pl\/r2\/wp-content\/uploads\/2023\/04\/DSCN4496-1024x768.jpg\" alt=\"\" width=\"1024\" height=\"768\"><\/a><\/p>\n<p>&nbsp;<\/p>\n<p>&nbsp;<\/p>\n<p>.<\/p>\n","protected":false},"excerpt":{"rendered":"<p>Ze smutkiem zawiadamiamy, \u017ce w dniu dzisiejszym zmar\u0142 Pan J\u00f3zef Galas. J\u00f3zio by\u0142 Bosmanem w Warszawskim Towarzystwie Wio\u015blarskim pocz\u0105wszy od 1992 roku, a\u017c do przej\u015bcia na emerytur\u0119 w 2017 roku. &nbsp; Powiedzie\u0107 o J\u00f3zefie pracownik to za ma\u0142o. By\u0142 Przyjacielem Towarzystwa i z wzajemno\u015bci\u0105. Pe\u0142en u\u015bmiechu, zawsze s\u0142u\u017cy\u0142 pomoc\u0105, udziela\u0142 si\u0119 czynnie w organizacji imprez [&hellip;]<\/p>\n","protected":false},"author":1,"featured_media":30303,"comment_status":"closed","ping_status":"closed","sticky":false,"template":"","format":"standard","meta":{"_acf_changed":false,"footnotes":""},"categories":[1],"tags":[],"class_list":["post-30302","post","type-post","status-publish","format-standard","has-post-thumbnail","hentry","category-bez-kategorii"],"acf":[],"_links":{"self":[{"href":"https:\/\/wpserwis.cfolks.pl\/r2\/wp-json\/wp\/v2\/posts\/30302","targetHints":{"allow":["GET"]}}],"collection":[{"href":"https:\/\/wpserwis.cfolks.pl\/r2\/wp-json\/wp\/v2\/posts"}],"about":[{"href":"https:\/\/wpserwis.cfolks.pl\/r2\/wp-json\/wp\/v2\/types\/post"}],"author":[{"embeddable":true,"href":"https:\/\/wpserwis.cfolks.pl\/r2\/wp-json\/wp\/v2\/users\/1"}],"replies":[{"embeddable":true,"href":"https:\/\/wpserwis.cfolks.pl\/r2\/wp-json\/wp\/v2\/comments?post=30302"}],"version-history":[{"count":0,"href":"https:\/\/wpserwis.cfolks.pl\/r2\/wp-json\/wp\/v2\/posts\/30302\/revisions"}],"wp:featuredmedia":[{"embeddable":true,"href":"https:\/\/wpserwis.cfolks.pl\/r2\/wp-json\/"}],"wp:attachment":[{"href":"https:\/\/wpserwis.cfolks.pl\/r2\/wp-json\/wp\/v2\/media?parent=30302"}],"wp:term":[{"taxonomy":"category","embeddable":true,"href":"https:\/\/wpserwis.cfolks.pl\/r2\/wp-json\/wp\/v2\/categories?post=30302"},{"taxonomy":"post_tag","embeddable":true,"href":"https:\/\/wpserwis.cfolks.pl\/r2\/wp-json\/wp\/v2\/tags?post=30302"}],"curies":[{"name":"wp","href":"https:\/\/api.w.org\/{rel}","templated":true}]}}