{"id":30308,"date":"2023-04-24T10:23:05","date_gmt":"2023-04-24T08:23:05","guid":{"rendered":"https:\/\/wtw.waw.pl\/?p=30308"},"modified":"2023-04-24T10:23:05","modified_gmt":"2023-04-24T08:23:05","slug":"30308-2","status":"publish","type":"post","link":"https:\/\/wpserwis.cfolks.pl\/r2\/30308-2\/","title":{"rendered":"W WEEKEND WIOS\u0141OWALI\u015aMY Z DZIELNIC\u0104 BEMOWO"},"content":{"rendered":"<p><span class=\"x193iq5w xeuugli x13faqbe x1vvkbs xlh3980 xvmahel x1n0sxbx x1lliihq x1s928wv xhkezso x1gmr53x x1cpjm7i x1fgarty x1943h6x xudqn12 x3x7a5m x6prxxf xvq8zen xo1l8bm xzsf02u x1yc453h\" dir=\"auto\">Na Bemowie nie ma nudy. W minion\u0105 niedziel\u0119 by\u0142o fantastycznie. Na zaproszenie dzielnicy Bemowo, brali\u015bmy udzia\u0142 w imprezie &#8222;Rusz si\u0119 po \u015awi\u0119tach&#8221;. Na hali OSiR wystawili\u015bmy si\u0119 ze swoj\u0105 stref\u0105 wio\u015blarsk\u0105, kt\u00f3r\u0105 bardzo aktywnie prowadzili nasi zawodnicy: Julia Facon i Miko\u0142aj Kot, przy pomocy pracownik\u00f3w WTW: Micha\u0142a Filipczaka i Bogdana Okni\u0144skiego.<\/span><\/p>\n<p><span class=\"x193iq5w xeuugli x13faqbe x1vvkbs xlh3980 xvmahel x1n0sxbx x1lliihq x1s928wv xhkezso x1gmr53x x1cpjm7i x1fgarty x1943h6x xudqn12 x3x7a5m x6prxxf xvq8zen xo1l8bm xzsf02u x1yc453h\" dir=\"auto\">Wspaniale rodzinnie sp\u0119dzi\u0107 aktywnie czas wolny. Dzi\u0119kujemy wszystkim dzieciom, rodzicom, m\u0142odzie\u017cy i seniorom za aktywny udzia\u0142 w wydarzeniu.<br \/>\n<\/span><\/p>\n<p>&nbsp;<\/p>\n<p><a href=\"https:\/\/wpserwis.cfolks.pl\/r2\/wp-content\/uploads\/2023\/04\/342216390_735123071642671_7743957809602466229_n.jpg\"><img loading=\"lazy\" decoding=\"async\" class=\"alignnone wp-image-30310 size-medium\" src=\"https:\/\/wpserwis.cfolks.pl\/r2\/wp-content\/uploads\/2023\/04\/342216390_735123071642671_7743957809602466229_n-300x225.jpg\" alt=\"\" width=\"300\" height=\"225\"><\/a><a href=\"https:\/\/wpserwis.cfolks.pl\/r2\/wp-content\/uploads\/2023\/04\/IMG_0999.jpg\"><img loading=\"lazy\" decoding=\"async\" class=\"alignnone wp-image-30311 size-medium\" src=\"https:\/\/wpserwis.cfolks.pl\/r2\/wp-content\/uploads\/2023\/04\/IMG_0999-300x225.jpg\" alt=\"\" width=\"300\" height=\"225\"><\/a><\/p>\n<p>&nbsp;<\/p>\n<p>&nbsp;<\/p>\n","protected":false},"excerpt":{"rendered":"<p>Na Bemowie nie ma nudy. W minion\u0105 niedziel\u0119 by\u0142o fantastycznie. Na zaproszenie dzielnicy Bemowo, brali\u015bmy udzia\u0142 w imprezie &#8222;Rusz si\u0119 po \u015awi\u0119tach&#8221;. Na hali OSiR wystawili\u015bmy si\u0119 ze swoj\u0105 stref\u0105 wio\u015blarsk\u0105, kt\u00f3r\u0105 bardzo aktywnie prowadzili nasi zawodnicy: Julia Facon i Miko\u0142aj Kot, przy pomocy pracownik\u00f3w WTW: Micha\u0142a Filipczaka i Bogdana Okni\u0144skiego. Wspaniale rodzinnie sp\u0119dzi\u0107 aktywnie [&hellip;]<\/p>\n","protected":false},"author":1,"featured_media":30309,"comment_status":"closed","ping_status":"closed","sticky":false,"template":"","format":"standard","meta":{"_acf_changed":false,"footnotes":""},"categories":[1],"tags":[],"class_list":["post-30308","post","type-post","status-publish","format-standard","has-post-thumbnail","hentry","category-bez-kategorii"],"acf":[],"_links":{"self":[{"href":"https:\/\/wpserwis.cfolks.pl\/r2\/wp-json\/wp\/v2\/posts\/30308","targetHints":{"allow":["GET"]}}],"collection":[{"href":"https:\/\/wpserwis.cfolks.pl\/r2\/wp-json\/wp\/v2\/posts"}],"about":[{"href":"https:\/\/wpserwis.cfolks.pl\/r2\/wp-json\/wp\/v2\/types\/post"}],"author":[{"embeddable":true,"href":"https:\/\/wpserwis.cfolks.pl\/r2\/wp-json\/wp\/v2\/users\/1"}],"replies":[{"embeddable":true,"href":"https:\/\/wpserwis.cfolks.pl\/r2\/wp-json\/wp\/v2\/comments?post=30308"}],"version-history":[{"count":0,"href":"https:\/\/wpserwis.cfolks.pl\/r2\/wp-json\/wp\/v2\/posts\/30308\/revisions"}],"wp:featuredmedia":[{"embeddable":true,"href":"https:\/\/wpserwis.cfolks.pl\/r2\/wp-json\/"}],"wp:attachment":[{"href":"https:\/\/wpserwis.cfolks.pl\/r2\/wp-json\/wp\/v2\/media?parent=30308"}],"wp:term":[{"taxonomy":"category","embeddable":true,"href":"https:\/\/wpserwis.cfolks.pl\/r2\/wp-json\/wp\/v2\/categories?post=30308"},{"taxonomy":"post_tag","embeddable":true,"href":"https:\/\/wpserwis.cfolks.pl\/r2\/wp-json\/wp\/v2\/tags?post=30308"}],"curies":[{"name":"wp","href":"https:\/\/api.w.org\/{rel}","templated":true}]}}