{"id":30317,"date":"2023-04-24T10:18:15","date_gmt":"2023-04-24T08:18:15","guid":{"rendered":"https:\/\/wtw.waw.pl\/?p=30317"},"modified":"2023-04-24T10:18:15","modified_gmt":"2023-04-24T08:18:15","slug":"galeria-zdjec-z-obozu-rozplywaniowego-mikorzyn","status":"publish","type":"post","link":"https:\/\/wpserwis.cfolks.pl\/r2\/galeria-zdjec-z-obozu-rozplywaniowego-mikorzyn\/","title":{"rendered":"GALERIA ZDJ\u0118\u0106 Z OBOZU ROZP\u0141YWANIOWEGO &#8211; MIKORZYN"},"content":{"rendered":"<p>Na naszym profilu Facebook, do obejrzenia s\u0105 dwie galerie zdj\u0119\u0107 z &#8222;wiosennego&#8221; obozu rozp\u0142ywaniowego w Mikorzynie, gdzie pierwsze szlify w tym sezonie, trenowa\u0142y sekcja wio\u015blarska.<\/p>\n<p>Zdj\u0119cia autorstwa naszej zawodniczki Barbary D\u0105browskiej.<\/p>\n<p>&nbsp;<\/p>\n<p><span style=\"color: #3366ff;\"><a style=\"color: #3366ff;\" href=\"https:\/\/www.facebook.com\/WTW.Warszawa\"><strong>Profil WTW na Facebook&#8217;u<\/strong><\/a><\/span><\/p>\n<p>&nbsp;<\/p>\n<p>&nbsp;<\/p>\n<p><a href=\"https:\/\/wpserwis.cfolks.pl\/r2\/wp-content\/uploads\/2023\/04\/337298913_616032243731964_3972604958591062814_n.jpg\"><img loading=\"lazy\" decoding=\"async\" class=\"alignnone wp-image-30320 size-medium\" src=\"https:\/\/wpserwis.cfolks.pl\/r2\/wp-content\/uploads\/2023\/04\/337298913_616032243731964_3972604958591062814_n-300x196.jpg\" alt=\"\" width=\"300\" height=\"196\"><\/a> <a href=\"https:\/\/wpserwis.cfolks.pl\/r2\/wp-content\/uploads\/2023\/04\/336913810_195116699980714_5769954034787132358_n.jpg\"><img loading=\"lazy\" decoding=\"async\" class=\"alignnone wp-image-30321 size-medium\" src=\"https:\/\/wpserwis.cfolks.pl\/r2\/wp-content\/uploads\/2023\/04\/336913810_195116699980714_5769954034787132358_n-300x194.jpg\" alt=\"\" width=\"300\" height=\"194\"><\/a> <a href=\"https:\/\/wpserwis.cfolks.pl\/r2\/wp-content\/uploads\/2023\/04\/336901229_919467069173476_6038008680396093711_n.jpg\"><img loading=\"lazy\" decoding=\"async\" class=\"alignnone wp-image-30322 size-medium\" src=\"https:\/\/wpserwis.cfolks.pl\/r2\/wp-content\/uploads\/2023\/04\/336901229_919467069173476_6038008680396093711_n-300x196.jpg\" alt=\"\" width=\"300\" height=\"196\"><\/a> <a href=\"https:\/\/wpserwis.cfolks.pl\/r2\/wp-content\/uploads\/2023\/04\/342209548_246336271115601_7786772394740426915_n.jpg\"><img loading=\"lazy\" decoding=\"async\" class=\"alignnone wp-image-30323 size-medium\" src=\"https:\/\/wpserwis.cfolks.pl\/r2\/wp-content\/uploads\/2023\/04\/342209548_246336271115601_7786772394740426915_n-300x217.jpg\" alt=\"\" width=\"300\" height=\"217\"><\/a> <a href=\"https:\/\/wpserwis.cfolks.pl\/r2\/wp-content\/uploads\/2023\/04\/342528361_3185108751779527_5844934990971470922_n.jpg\"><img loading=\"lazy\" decoding=\"async\" class=\"alignnone wp-image-30324 size-medium\" src=\"https:\/\/wpserwis.cfolks.pl\/r2\/wp-content\/uploads\/2023\/04\/342528361_3185108751779527_5844934990971470922_n-300x217.jpg\" alt=\"\" width=\"300\" height=\"217\"><\/a><\/p>\n","protected":false},"excerpt":{"rendered":"<p>Na naszym profilu Facebook, do obejrzenia s\u0105 dwie galerie zdj\u0119\u0107 z &#8222;wiosennego&#8221; obozu rozp\u0142ywaniowego w Mikorzynie, gdzie pierwsze szlify w tym sezonie, trenowa\u0142y sekcja wio\u015blarska. Zdj\u0119cia autorstwa naszej zawodniczki Barbary D\u0105browskiej. &nbsp; Profil WTW na Facebook&#8217;u &nbsp; &nbsp;<\/p>\n","protected":false},"author":1,"featured_media":30318,"comment_status":"closed","ping_status":"closed","sticky":false,"template":"","format":"standard","meta":{"_acf_changed":false,"footnotes":""},"categories":[1],"tags":[],"class_list":["post-30317","post","type-post","status-publish","format-standard","has-post-thumbnail","hentry","category-bez-kategorii"],"acf":[],"_links":{"self":[{"href":"https:\/\/wpserwis.cfolks.pl\/r2\/wp-json\/wp\/v2\/posts\/30317","targetHints":{"allow":["GET"]}}],"collection":[{"href":"https:\/\/wpserwis.cfolks.pl\/r2\/wp-json\/wp\/v2\/posts"}],"about":[{"href":"https:\/\/wpserwis.cfolks.pl\/r2\/wp-json\/wp\/v2\/types\/post"}],"author":[{"embeddable":true,"href":"https:\/\/wpserwis.cfolks.pl\/r2\/wp-json\/wp\/v2\/users\/1"}],"replies":[{"embeddable":true,"href":"https:\/\/wpserwis.cfolks.pl\/r2\/wp-json\/wp\/v2\/comments?post=30317"}],"version-history":[{"count":0,"href":"https:\/\/wpserwis.cfolks.pl\/r2\/wp-json\/wp\/v2\/posts\/30317\/revisions"}],"wp:featuredmedia":[{"embeddable":true,"href":"https:\/\/wpserwis.cfolks.pl\/r2\/wp-json\/"}],"wp:attachment":[{"href":"https:\/\/wpserwis.cfolks.pl\/r2\/wp-json\/wp\/v2\/media?parent=30317"}],"wp:term":[{"taxonomy":"category","embeddable":true,"href":"https:\/\/wpserwis.cfolks.pl\/r2\/wp-json\/wp\/v2\/categories?post=30317"},{"taxonomy":"post_tag","embeddable":true,"href":"https:\/\/wpserwis.cfolks.pl\/r2\/wp-json\/wp\/v2\/tags?post=30317"}],"curies":[{"name":"wp","href":"https:\/\/api.w.org\/{rel}","templated":true}]}}