{"id":30349,"date":"2023-05-10T09:01:19","date_gmt":"2023-05-10T07:01:19","guid":{"rendered":"https:\/\/wtw.waw.pl\/?p=30349"},"modified":"2023-05-10T09:01:19","modified_gmt":"2023-05-10T07:01:19","slug":"zeglarskie-regaty-otwarcia-sezonu","status":"publish","type":"post","link":"https:\/\/wpserwis.cfolks.pl\/r2\/zeglarskie-regaty-otwarcia-sezonu\/","title":{"rendered":"\u017bEGLARSKIE REGATY OTWARCIA SEZONU"},"content":{"rendered":"<div class=\"x11i5rnm xat24cr x1mh8g0r x1vvkbs xtlvy1s x126k92a\">\n<div dir=\"auto\">W weekend odby\u0142y si\u0119 \u017ceglarskie regaty otwarcia sezonu. Startowa\u0142o pi\u0119ciu naszych zawodnik\u00f3w. Dla Kajetana Cie\u015blaka, by\u0142 to pierwszy start w grupie A, gdzie \u015bciga\u0142 si\u0119 wraz z Wiktorem Maria\u0144skim.<\/div>\n<div dir=\"auto\">&nbsp;<\/div>\n<div dir=\"auto\" style=\"text-align: left;\">Zuzia \u0141uczak i Antek Kordek debiutowali w grupie B, gdzie \u015bcigali si\u0119 wraz z Frankiem Junko.<\/div>\n<div dir=\"auto\">&nbsp;<\/div>\n<div dir=\"auto\" style=\"text-align: left;\">Pierwszy dzie\u0144 ze wzgl\u0119du na brak wiatru nie pozwoli\u0142 na rozegranie \u017cadnego wy\u015bcigu. Drugiego dnia uda\u0142o si\u0119 rozegra\u0107, a\u017c 4 wy\u015bcigi w grupie A i tylko jeden mniej w grupie B.<\/div>\n<div dir=\"auto\">&nbsp;<\/div>\n<div dir=\"auto\" style=\"text-align: left;\">Imprez\u0119 cho\u0107 pierwsz\u0105 w sezonie nale\u017cy zaliczy\u0107 do udanych.<\/div>\n<\/div>\n<div class=\"x11i5rnm xat24cr x1mh8g0r x1vvkbs xtlvy1s x126k92a\">\n<div dir=\"auto\">&nbsp;<\/div>\n<div dir=\"auto\">Trzymamy kciuki za kolejne starty naszych ma\u0142ych \u017ceglarzy, podopiecznych Trenera Ma\u0107ka Lato.<\/div>\n<\/div>\n<div dir=\"auto\">&nbsp;<\/div>\n<div dir=\"auto\"><a href=\"https:\/\/wpserwis.cfolks.pl\/r2\/wp-content\/uploads\/2023\/05\/344752670_1705926583160526_7548269715549636068_n.jpg\"><img loading=\"lazy\" decoding=\"async\" class=\"alignnone wp-image-30351 size-medium\" src=\"https:\/\/wpserwis.cfolks.pl\/r2\/wp-content\/uploads\/2023\/05\/344752670_1705926583160526_7548269715549636068_n-240x300.jpg\" alt=\"\" width=\"240\" height=\"300\"><\/a> <a href=\"https:\/\/wpserwis.cfolks.pl\/r2\/wp-content\/uploads\/2023\/05\/345047774_3387096724837693_2162343086242532726_n.jpg\"><img loading=\"lazy\" decoding=\"async\" class=\"alignnone wp-image-30352 size-medium\" src=\"https:\/\/wpserwis.cfolks.pl\/r2\/wp-content\/uploads\/2023\/05\/345047774_3387096724837693_2162343086242532726_n-240x300.jpg\" alt=\"\" width=\"240\" height=\"300\"><\/a> <a href=\"https:\/\/wpserwis.cfolks.pl\/r2\/wp-content\/uploads\/2023\/05\/345216934_767206675082994_7376581410410547822_n.jpg\"><img loading=\"lazy\" decoding=\"async\" class=\"alignnone wp-image-30353 size-medium\" src=\"https:\/\/wpserwis.cfolks.pl\/r2\/wp-content\/uploads\/2023\/05\/345216934_767206675082994_7376581410410547822_n-240x300.jpg\" alt=\"\" width=\"240\" height=\"300\"><\/a><\/div>\n","protected":false},"excerpt":{"rendered":"<p>W weekend odby\u0142y si\u0119 \u017ceglarskie regaty otwarcia sezonu. Startowa\u0142o pi\u0119ciu naszych zawodnik\u00f3w. Dla Kajetana Cie\u015blaka, by\u0142 to pierwszy start w grupie A, gdzie \u015bciga\u0142 si\u0119 wraz z Wiktorem Maria\u0144skim. &nbsp; Zuzia \u0141uczak i Antek Kordek debiutowali w grupie B, gdzie \u015bcigali si\u0119 wraz z Frankiem Junko. &nbsp; Pierwszy dzie\u0144 ze wzgl\u0119du na brak wiatru nie [&hellip;]<\/p>\n","protected":false},"author":1,"featured_media":30350,"comment_status":"closed","ping_status":"closed","sticky":false,"template":"","format":"standard","meta":{"_acf_changed":false,"footnotes":""},"categories":[1],"tags":[],"class_list":["post-30349","post","type-post","status-publish","format-standard","has-post-thumbnail","hentry","category-bez-kategorii"],"acf":[],"_links":{"self":[{"href":"https:\/\/wpserwis.cfolks.pl\/r2\/wp-json\/wp\/v2\/posts\/30349","targetHints":{"allow":["GET"]}}],"collection":[{"href":"https:\/\/wpserwis.cfolks.pl\/r2\/wp-json\/wp\/v2\/posts"}],"about":[{"href":"https:\/\/wpserwis.cfolks.pl\/r2\/wp-json\/wp\/v2\/types\/post"}],"author":[{"embeddable":true,"href":"https:\/\/wpserwis.cfolks.pl\/r2\/wp-json\/wp\/v2\/users\/1"}],"replies":[{"embeddable":true,"href":"https:\/\/wpserwis.cfolks.pl\/r2\/wp-json\/wp\/v2\/comments?post=30349"}],"version-history":[{"count":0,"href":"https:\/\/wpserwis.cfolks.pl\/r2\/wp-json\/wp\/v2\/posts\/30349\/revisions"}],"wp:featuredmedia":[{"embeddable":true,"href":"https:\/\/wpserwis.cfolks.pl\/r2\/wp-json\/"}],"wp:attachment":[{"href":"https:\/\/wpserwis.cfolks.pl\/r2\/wp-json\/wp\/v2\/media?parent=30349"}],"wp:term":[{"taxonomy":"category","embeddable":true,"href":"https:\/\/wpserwis.cfolks.pl\/r2\/wp-json\/wp\/v2\/categories?post=30349"},{"taxonomy":"post_tag","embeddable":true,"href":"https:\/\/wpserwis.cfolks.pl\/r2\/wp-json\/wp\/v2\/tags?post=30349"}],"curies":[{"name":"wp","href":"https:\/\/api.w.org\/{rel}","templated":true}]}}