{"id":30361,"date":"2023-05-10T09:34:51","date_gmt":"2023-05-10T07:34:51","guid":{"rendered":"https:\/\/wtw.waw.pl\/?p=30361"},"modified":"2023-05-10T09:34:51","modified_gmt":"2023-05-10T07:34:51","slug":"nowa-jedynka-filippi-dla-piotra-plominskiego","status":"publish","type":"post","link":"https:\/\/wpserwis.cfolks.pl\/r2\/nowa-jedynka-filippi-dla-piotra-plominskiego\/","title":{"rendered":"NOWA JEDYNKA FILIPPI DLA PIOTRA P\u0141OMI\u0143SKIEGO"},"content":{"rendered":"<div class=\"xdj266r x11i5rnm xat24cr x1mh8g0r x1vvkbs x126k92a\">\n<div dir=\"auto\">Trwa\u0142o to troch\u0119, bo od ko\u0144c\u00f3wki ubieg\u0142ego roku. Kiedy to Warszawskie Towarzystwo Wio\u015blarskie zam\u00f3wi\u0142o produkcj\u0119 nowej \u0142odzi jedynki wio\u015blarskiej marki Filippi.<\/div>\n<div dir=\"auto\">Kilka dni temu \u0142\u00f3dk\u0119 uda\u0142o si\u0119 odebra\u0107 z fabryki. Co prawda, do Warszawy jeszcze nie dojecha\u0142a, ale trafi\u0142a pod skrzyd\u0142a i do u\u017cytku Piotrka P\u0142omi\u0144skiego, dla kt\u00f3rego ten zakup zosta\u0142 sfinalizowany.<\/div>\n<div dir=\"auto\">&nbsp;<\/div>\n<div dir=\"auto\">Nowa jedynka Filippi to prawdziwe Ferrari w\u015br\u00f3d \u0142\u00f3dek, kt\u00f3ra zosta\u0142a zakupiona dla naszego najlepszego obecnie zawodnika Piotra P\u0142omi\u0144skiego, cz\u0142onka kadry narodowej senior\u00f3w, M\u0142odzie\u017cowego Mistrza Europy i Wicemistrza \u015awiata (w konkurencji 1x).<\/div>\n<\/div>\n<div class=\"x11i5rnm xat24cr x1mh8g0r x1vvkbs xtlvy1s x126k92a\">\n<div dir=\"auto\">&nbsp;<\/div>\n<div dir=\"auto\">\u0141\u00f3dka zosta\u0142a zakupiona dzi\u0119ki staraniom Zarz\u0105du WTW. Pod koniec ubieg\u0142ego roku uda\u0142o si\u0119 ze pozyska\u0107 cz\u0119\u015bciowe dofinansowanie ze \u015brodk\u00f3w Ministerstwa Sportu i Turystyki. Kolejne cegie\u0142ki to wk\u0142ad samego WTW oraz wp\u0142aty od kilku Cz\u0142onk\u00f3w Topwarzystwa (mi\u0119dzy innymi dzi\u0119ki internetowej zrzutce) .<\/div>\n<\/div>\n<div dir=\"auto\">&nbsp;<\/div>\n<div dir=\"auto\">To ju\u017c kolejny nowy sprz\u0119t jaki uda\u0142o si\u0119 zakupi\u0107 w ostatnim czasie do regatowej sekcji wio\u015blarskiej.<\/div>\n<div dir=\"auto\">W poprzednich latach, WTW wzbogaci\u0142o si\u0119 o trzy nowe jedynki , jedn\u0105 dw\u00f3jk\u0119 i czw\u00f3rk\u0119 &#8211; wszystkie marki Filippi. Poza tym 8 par wiose\u0142, ergometry i kad\u0142ub do motor\u00f3wki z silnikiem.<\/div>\n<div class=\"x11i5rnm xat24cr x1mh8g0r x1vvkbs xtlvy1s x126k92a\">\n<div dir=\"auto\">&nbsp;<\/div>\n<div dir=\"auto\"><span class=\"x3nfvp2 x1j61x8r x1fcty0u xdj266r xhhsvwb xat24cr xgzva0m xxymvpz xlup9mm x1kky2od\">Wszystkim darczy\u0144com oraz Ministerstwu Sportu i Turystyki, serdecznie dzi\u0119kujemy, a Piotrowi \u017cyczymy samych sukces\u00f3w w obecnym sezonie, jak\u017ce wa\u017cnym &#8211; kwalifikacje do Igrzysk Olimpijskich Pary\u017c 2024<br \/>\n<\/span><\/div>\n<div dir=\"auto\">&nbsp;<\/div>\n<div dir=\"auto\">&nbsp;<\/div>\n<\/div>\n<div class=\"x11i5rnm xat24cr x1mh8g0r x1vvkbs xtlvy1s x126k92a\">\n<div dir=\"auto\"><a href=\"https:\/\/wpserwis.cfolks.pl\/r2\/wp-content\/uploads\/2023\/05\/344747799_897301911327914_7760633845705128166_n.jpg\"><img loading=\"lazy\" decoding=\"async\" class=\"alignnone wp-image-30363 size-medium\" src=\"https:\/\/wpserwis.cfolks.pl\/r2\/wp-content\/uploads\/2023\/05\/344747799_897301911327914_7760633845705128166_n-240x300.jpg\" alt=\"\" width=\"240\" height=\"300\"><\/a><\/div>\n<\/div>\n<div class=\"x11i5rnm xat24cr x1mh8g0r x1vvkbs xtlvy1s x126k92a\">\n<div dir=\"auto\">&nbsp;<\/div>\n<\/div>\n","protected":false},"excerpt":{"rendered":"<p>Trwa\u0142o to troch\u0119, bo od ko\u0144c\u00f3wki ubieg\u0142ego roku. Kiedy to Warszawskie Towarzystwo Wio\u015blarskie zam\u00f3wi\u0142o produkcj\u0119 nowej \u0142odzi jedynki wio\u015blarskiej marki Filippi. Kilka dni temu \u0142\u00f3dk\u0119 uda\u0142o si\u0119 odebra\u0107 z fabryki. Co prawda, do Warszawy jeszcze nie dojecha\u0142a, ale trafi\u0142a pod skrzyd\u0142a i do u\u017cytku Piotrka P\u0142omi\u0144skiego, dla kt\u00f3rego ten zakup zosta\u0142 sfinalizowany. &nbsp; Nowa jedynka [&hellip;]<\/p>\n","protected":false},"author":1,"featured_media":30362,"comment_status":"closed","ping_status":"closed","sticky":false,"template":"","format":"standard","meta":{"_acf_changed":false,"footnotes":""},"categories":[1],"tags":[],"class_list":["post-30361","post","type-post","status-publish","format-standard","has-post-thumbnail","hentry","category-bez-kategorii"],"acf":[],"_links":{"self":[{"href":"https:\/\/wpserwis.cfolks.pl\/r2\/wp-json\/wp\/v2\/posts\/30361","targetHints":{"allow":["GET"]}}],"collection":[{"href":"https:\/\/wpserwis.cfolks.pl\/r2\/wp-json\/wp\/v2\/posts"}],"about":[{"href":"https:\/\/wpserwis.cfolks.pl\/r2\/wp-json\/wp\/v2\/types\/post"}],"author":[{"embeddable":true,"href":"https:\/\/wpserwis.cfolks.pl\/r2\/wp-json\/wp\/v2\/users\/1"}],"replies":[{"embeddable":true,"href":"https:\/\/wpserwis.cfolks.pl\/r2\/wp-json\/wp\/v2\/comments?post=30361"}],"version-history":[{"count":0,"href":"https:\/\/wpserwis.cfolks.pl\/r2\/wp-json\/wp\/v2\/posts\/30361\/revisions"}],"wp:featuredmedia":[{"embeddable":true,"href":"https:\/\/wpserwis.cfolks.pl\/r2\/wp-json\/"}],"wp:attachment":[{"href":"https:\/\/wpserwis.cfolks.pl\/r2\/wp-json\/wp\/v2\/media?parent=30361"}],"wp:term":[{"taxonomy":"category","embeddable":true,"href":"https:\/\/wpserwis.cfolks.pl\/r2\/wp-json\/wp\/v2\/categories?post=30361"},{"taxonomy":"post_tag","embeddable":true,"href":"https:\/\/wpserwis.cfolks.pl\/r2\/wp-json\/wp\/v2\/tags?post=30361"}],"curies":[{"name":"wp","href":"https:\/\/api.w.org\/{rel}","templated":true}]}}