{"id":30365,"date":"2023-05-10T09:32:51","date_gmt":"2023-05-10T07:32:51","guid":{"rendered":"https:\/\/wtw.waw.pl\/?p=30365"},"modified":"2023-05-10T09:32:51","modified_gmt":"2023-05-10T07:32:51","slug":"wioslarskie-centralne-regaty-kontrolne-za-nami","status":"publish","type":"post","link":"https:\/\/wpserwis.cfolks.pl\/r2\/wioslarskie-centralne-regaty-kontrolne-za-nami\/","title":{"rendered":"WIO\u015aLARSKIE CENTRALNE REGATY KONTROLNE ZA NAMI"},"content":{"rendered":"<div class=\"xdj266r x11i5rnm xat24cr x1mh8g0r x1vvkbs x126k92a\">\n<div dir=\"auto\">Weekend regatowy \u2026 czyli Centralne Regaty Kontrolne do kadry narodowej za Nami.<\/div>\n<\/div>\n<div dir=\"auto\">&nbsp;<\/div>\n<div dir=\"auto\">Na torze regatowym &#8222;Malta&#8221; w Poznaniu, odby\u0142y si\u0119 coroczne Centralne Regaty Kontrolne. To zawsze dobry sprawdzian formy w przedsionku rozpoczynaj\u0105cego si\u0119 sezonu.<\/div>\n<div class=\"xdj266r x11i5rnm xat24cr x1mh8g0r x1vvkbs x126k92a\">\n<div dir=\"auto\">&nbsp;<\/div>\n<div dir=\"auto\">Zawodnicy \u015bcigali si\u0119 na ma\u0142ych typach \u0142odzi 1x oraz 2-.<\/div>\n<div dir=\"auto\">Nast\u0119pnie drugiego dnia najlepsi zostali dopasowani przez trener\u00f3w kadrowych do osad wi\u0119kszego typu 2x, 4x, 4-, 8+.<\/div>\n<\/div>\n<div class=\"x11i5rnm xat24cr x1mh8g0r x1vvkbs xtlvy1s x126k92a\">\n<div dir=\"auto\">&nbsp;<\/div>\n<div dir=\"auto\">Gratulacje dla Wszystkich rywalizuj\u0105cych na pozna\u0144skiej Malcie.<\/div>\n<div dir=\"auto\">Oficjalne otwarcie sezonu 2023 za Nami\u2026<\/div>\n<div dir=\"auto\">Teraz czekamy na pierwsze starty mi\u0119dzynarodowe z udzia\u0142em naszych podopiecznych jak i Mistrzostwa Polski.<\/div>\n<\/div>\n<div dir=\"auto\">&nbsp;<\/div>\n<div dir=\"auto\"><a href=\"https:\/\/wpserwis.cfolks.pl\/r2\/wp-content\/uploads\/2023\/05\/344730389_547454117572565_2462992471270202458_n.jpg\"><img loading=\"lazy\" decoding=\"async\" class=\"alignnone wp-image-30367 size-medium\" src=\"https:\/\/wpserwis.cfolks.pl\/r2\/wp-content\/uploads\/2023\/05\/344730389_547454117572565_2462992471270202458_n-240x300.jpg\" alt=\"\" width=\"240\" height=\"300\"><\/a> <a href=\"https:\/\/wpserwis.cfolks.pl\/r2\/wp-content\/uploads\/2023\/05\/344746105_901257130931603_4781216744653528721_n.jpg\"><img loading=\"lazy\" decoding=\"async\" class=\"alignnone wp-image-30368 size-medium\" src=\"https:\/\/wpserwis.cfolks.pl\/r2\/wp-content\/uploads\/2023\/05\/344746105_901257130931603_4781216744653528721_n-240x300.jpg\" alt=\"\" width=\"240\" height=\"300\"><\/a> <a href=\"https:\/\/wpserwis.cfolks.pl\/r2\/wp-content\/uploads\/2023\/05\/344544870_197557769285332_3768161531162072531_n.jpg\"><img loading=\"lazy\" decoding=\"async\" class=\"alignnone wp-image-30369 size-medium\" src=\"https:\/\/wpserwis.cfolks.pl\/r2\/wp-content\/uploads\/2023\/05\/344544870_197557769285332_3768161531162072531_n-240x300.jpg\" alt=\"\" width=\"240\" height=\"300\"><\/a> <a href=\"https:\/\/wpserwis.cfolks.pl\/r2\/wp-content\/uploads\/2023\/05\/344537822_801550827560929_3914525410962691610_n.jpg\"><img loading=\"lazy\" decoding=\"async\" class=\"alignnone wp-image-30370 size-medium\" src=\"https:\/\/wpserwis.cfolks.pl\/r2\/wp-content\/uploads\/2023\/05\/344537822_801550827560929_3914525410962691610_n-240x300.jpg\" alt=\"\" width=\"240\" height=\"300\"><\/a><\/div>\n<div dir=\"auto\">&nbsp;<\/div>\n","protected":false},"excerpt":{"rendered":"<p>Weekend regatowy \u2026 czyli Centralne Regaty Kontrolne do kadry narodowej za Nami. &nbsp; Na torze regatowym &#8222;Malta&#8221; w Poznaniu, odby\u0142y si\u0119 coroczne Centralne Regaty Kontrolne. To zawsze dobry sprawdzian formy w przedsionku rozpoczynaj\u0105cego si\u0119 sezonu. &nbsp; Zawodnicy \u015bcigali si\u0119 na ma\u0142ych typach \u0142odzi 1x oraz 2-. Nast\u0119pnie drugiego dnia najlepsi zostali dopasowani przez trener\u00f3w kadrowych [&hellip;]<\/p>\n","protected":false},"author":1,"featured_media":30366,"comment_status":"closed","ping_status":"closed","sticky":false,"template":"","format":"standard","meta":{"_acf_changed":false,"footnotes":""},"categories":[1],"tags":[],"class_list":["post-30365","post","type-post","status-publish","format-standard","has-post-thumbnail","hentry","category-bez-kategorii"],"acf":[],"_links":{"self":[{"href":"https:\/\/wpserwis.cfolks.pl\/r2\/wp-json\/wp\/v2\/posts\/30365","targetHints":{"allow":["GET"]}}],"collection":[{"href":"https:\/\/wpserwis.cfolks.pl\/r2\/wp-json\/wp\/v2\/posts"}],"about":[{"href":"https:\/\/wpserwis.cfolks.pl\/r2\/wp-json\/wp\/v2\/types\/post"}],"author":[{"embeddable":true,"href":"https:\/\/wpserwis.cfolks.pl\/r2\/wp-json\/wp\/v2\/users\/1"}],"replies":[{"embeddable":true,"href":"https:\/\/wpserwis.cfolks.pl\/r2\/wp-json\/wp\/v2\/comments?post=30365"}],"version-history":[{"count":0,"href":"https:\/\/wpserwis.cfolks.pl\/r2\/wp-json\/wp\/v2\/posts\/30365\/revisions"}],"wp:featuredmedia":[{"embeddable":true,"href":"https:\/\/wpserwis.cfolks.pl\/r2\/wp-json\/"}],"wp:attachment":[{"href":"https:\/\/wpserwis.cfolks.pl\/r2\/wp-json\/wp\/v2\/media?parent=30365"}],"wp:term":[{"taxonomy":"category","embeddable":true,"href":"https:\/\/wpserwis.cfolks.pl\/r2\/wp-json\/wp\/v2\/categories?post=30365"},{"taxonomy":"post_tag","embeddable":true,"href":"https:\/\/wpserwis.cfolks.pl\/r2\/wp-json\/wp\/v2\/tags?post=30365"}],"curies":[{"name":"wp","href":"https:\/\/api.w.org\/{rel}","templated":true}]}}