{"id":30381,"date":"2023-05-18T09:34:12","date_gmt":"2023-05-18T07:34:12","guid":{"rendered":"https:\/\/wtw.waw.pl\/?p=30381"},"modified":"2023-05-18T09:34:12","modified_gmt":"2023-05-18T07:34:12","slug":"30381-2","status":"publish","type":"post","link":"https:\/\/wpserwis.cfolks.pl\/r2\/30381-2\/","title":{"rendered":"MARYNARKA KLUBOWA NA 145 LECIE &#8211; KAMPANIA PROMOCYJNA"},"content":{"rendered":"<p>Na naszych klubowych social mediach, ruszy\u0142a akcja promocyjna nowej marynarki klubowej WTW. Kilka ostatnich tygodni po\u015bwi\u0119cili\u015bmy na przygotowanie materia\u0142\u00f3w marketingowych, kt\u00f3re po zebraniu w sk\u0142adn\u0105 ca\u0142o\u015b\u0107, b\u0119dziemy umieszcza\u0107 na <a href=\"https:\/\/www.facebook.com\/WTW.Warszawa\">facebook&#8217;u<\/a> i <a href=\"https:\/\/www.instagram.com\/wtw_warszawa\/\">instagramie<\/a>.<\/p>\n<p>Zach\u0119camy do obserwowania naszych kana\u0142\u00f3w.<\/p>\n<p>Przed nami 145. rocznica powstania WTW i cieszymy si\u0119, \u017ce z tej okazji powsta\u0142 projekt naszej autorskiej marynarki klubowej przy wsp\u00f3\u0142pracy z mark\u0105 Tailors Club.<\/p>\n<p>To marka, kt\u00f3ra doskonale wpisuje si\u0119 w nasze DNA i zadba\u0142a o ka\u017cdy mo\u017cliwy szczeg\u00f3\u0142:<\/p>\n<p>&nbsp;<\/p>\n<p>\ud83d\udc49 emblemat towarzystwa na piersi;<\/p>\n<p>\ud83d\udc49 klasyczne guziki;<\/p>\n<p>\ud83d\udc49 dedykowana podszewka, dopasowana do rangi stanowiska;<\/p>\n<p>\ud83d\udc49 indywidualny monogram z inicja\u0142ami<\/p>\n<p>\ud83d\udc49 metka klubowa dedykowana na 145. rocznic\u0119 WTW.<\/p>\n<p>&nbsp;<\/p>\n<p>Jeste\u015bmy przekonani, \u017ce dobrze skrojone i dopasowane, autorskie marynarki podkre\u015bl\u0105 niejedn\u0105 klubow\u0105 imprez\u0119!<\/p>\n<p>A Ty masz ju\u017c swoj\u0105 marynark\u0119? \ud83d\udc47<\/p>\n<p><a href=\"https:\/\/wpserwis.cfolks.pl\/r2\/29682-2\/\">TU ZNAJDZIESZ WSZYSTKIE INFORMACJE<\/a><\/p>\n<p>&nbsp;<\/p>\n<p>FOT. \u0141ukasz Bartyzel<\/p>\n<p><a href=\"https:\/\/wpserwis.cfolks.pl\/r2\/wp-content\/uploads\/2023\/05\/foto-AD6A3191-scaled.jpg\"><img loading=\"lazy\" decoding=\"async\" class=\"alignnone wp-image-30383 size-medium\" src=\"https:\/\/wpserwis.cfolks.pl\/r2\/wp-content\/uploads\/2023\/05\/foto-AD6A3191-300x200.jpg\" alt=\"\" width=\"300\" height=\"200\"><\/a> <a href=\"https:\/\/wpserwis.cfolks.pl\/r2\/wp-content\/uploads\/2023\/05\/foto-AD6A3176-scaled.jpg\"><img loading=\"lazy\" decoding=\"async\" class=\"alignnone wp-image-30384 size-medium\" src=\"https:\/\/wpserwis.cfolks.pl\/r2\/wp-content\/uploads\/2023\/05\/foto-AD6A3176-300x200.jpg\" alt=\"\" width=\"300\" height=\"200\"><\/a><\/p>\n<p>&nbsp;<\/p>\n<p>&nbsp;<\/p>\n","protected":false},"excerpt":{"rendered":"<p>Na naszych klubowych social mediach, ruszy\u0142a akcja promocyjna nowej marynarki klubowej WTW. Kilka ostatnich tygodni po\u015bwi\u0119cili\u015bmy na przygotowanie materia\u0142\u00f3w marketingowych, kt\u00f3re po zebraniu w sk\u0142adn\u0105 ca\u0142o\u015b\u0107, b\u0119dziemy umieszcza\u0107 na facebook&#8217;u i instagramie. Zach\u0119camy do obserwowania naszych kana\u0142\u00f3w. Przed nami 145. rocznica powstania WTW i cieszymy si\u0119, \u017ce z tej okazji powsta\u0142 projekt naszej autorskiej marynarki [&hellip;]<\/p>\n","protected":false},"author":1,"featured_media":30382,"comment_status":"closed","ping_status":"closed","sticky":false,"template":"","format":"standard","meta":{"_acf_changed":false,"footnotes":""},"categories":[1,4],"tags":[28],"class_list":["post-30381","post","type-post","status-publish","format-standard","has-post-thumbnail","hentry","category-bez-kategorii","category-marynarka","tag-marynarka"],"acf":[],"_links":{"self":[{"href":"https:\/\/wpserwis.cfolks.pl\/r2\/wp-json\/wp\/v2\/posts\/30381","targetHints":{"allow":["GET"]}}],"collection":[{"href":"https:\/\/wpserwis.cfolks.pl\/r2\/wp-json\/wp\/v2\/posts"}],"about":[{"href":"https:\/\/wpserwis.cfolks.pl\/r2\/wp-json\/wp\/v2\/types\/post"}],"author":[{"embeddable":true,"href":"https:\/\/wpserwis.cfolks.pl\/r2\/wp-json\/wp\/v2\/users\/1"}],"replies":[{"embeddable":true,"href":"https:\/\/wpserwis.cfolks.pl\/r2\/wp-json\/wp\/v2\/comments?post=30381"}],"version-history":[{"count":0,"href":"https:\/\/wpserwis.cfolks.pl\/r2\/wp-json\/wp\/v2\/posts\/30381\/revisions"}],"wp:featuredmedia":[{"embeddable":true,"href":"https:\/\/wpserwis.cfolks.pl\/r2\/wp-json\/"}],"wp:attachment":[{"href":"https:\/\/wpserwis.cfolks.pl\/r2\/wp-json\/wp\/v2\/media?parent=30381"}],"wp:term":[{"taxonomy":"category","embeddable":true,"href":"https:\/\/wpserwis.cfolks.pl\/r2\/wp-json\/wp\/v2\/categories?post=30381"},{"taxonomy":"post_tag","embeddable":true,"href":"https:\/\/wpserwis.cfolks.pl\/r2\/wp-json\/wp\/v2\/tags?post=30381"}],"curies":[{"name":"wp","href":"https:\/\/api.w.org\/{rel}","templated":true}]}}