{"id":30463,"date":"2023-05-29T08:53:29","date_gmt":"2023-05-29T06:53:29","guid":{"rendered":"https:\/\/wtw.waw.pl\/?p=30463"},"modified":"2023-05-29T08:53:29","modified_gmt":"2023-05-29T06:53:29","slug":"kosmiczny-dzien-dziecka-na-bemowie","status":"publish","type":"post","link":"https:\/\/wpserwis.cfolks.pl\/r2\/kosmiczny-dzien-dziecka-na-bemowie\/","title":{"rendered":"KOSMICZNY DZIE\u0143 DZIECKA NA BEMOWIE"},"content":{"rendered":"<p>W minion\u0105 sobot\u0119, a kolejny raz z rz\u0119du &#8211; na zaproszenie Wydzia\u0142u Sportu w dzielnicy Bemowo, brali\u015bmy udzia\u0142 w pikniku rodzinnym organizowanym przez w\u0142adze Bemowa. &#8222;Kosmiczny Dzie\u0144 Dziecka&#8221; o takiej nazwie odby\u0142a si\u0119 tegoroczna impreza a Parku G\u00f3rczewska. My strzworzyli\u015bmy stref\u0119 WTW z ergometrami wio\u015blarskim, kt\u00f3ra jak zawsze cieszy\u0142a si\u0119 bardzo du\u017cym zainteresowaniem w\u015br\u00f3d odwiedzaj\u0105cych.<\/p>\n<p>W naszej strefie jak mr\u00f3weczki pracowali m\u0142odzi zawodnicy Julia Facon, Miko\u0142aj Kot, Antoni Szkup przy wsparciu naszych pracownik\u00f3w Micha\u0142a Filipczaka i Grzegorza Okni\u0144skiego. Wszystkim serdecznie dzi\u0119kujemy.<\/p>\n<p>Tegoroczny piknik z okazji Dnia Dziecka, to w sumie trzecia wsp\u00f3lna impreza z dzielnic\u0105 Bemowo w ostatnim p\u00f3\u0142roczu (wcze\u015bniej: &#8222;Rusz si\u0119 przed \u015awi\u0119tami &#8211; grudzie\u0144 2022&#8221;, &#8222;Rusz si\u0119 po \u015awi\u0119tach &#8211; kwiecie\u0144 2023&#8221;). Przed nami we wrze\u015bniu kolejna zawody &#8211; otwarcie 9 edycji Wio\u015blarskiego Tytana Warszawy.<\/p>\n<p>&nbsp;<\/p>\n<p>&nbsp;<\/p>\n<p><a href=\"https:\/\/wpserwis.cfolks.pl\/r2\/wp-content\/uploads\/2023\/05\/Dzien-Dziecka_Obszar-roboczy-1-scaled.jpg\"><img loading=\"lazy\" decoding=\"async\" class=\"alignnone wp-image-30469 size-medium\" src=\"https:\/\/wpserwis.cfolks.pl\/r2\/wp-content\/uploads\/2023\/05\/Dzien-Dziecka_Obszar-roboczy-1-212x300.jpg\" alt=\"\" width=\"212\" height=\"300\"><\/a><a href=\"https:\/\/wpserwis.cfolks.pl\/r2\/wp-content\/uploads\/2023\/05\/IMG_1767.jpg\"><img loading=\"lazy\" decoding=\"async\" class=\"alignnone wp-image-30466 size-medium\" src=\"https:\/\/wpserwis.cfolks.pl\/r2\/wp-content\/uploads\/2023\/05\/IMG_1767-225x300.jpg\" alt=\"\" width=\"225\" height=\"300\"><\/a> <a href=\"https:\/\/wpserwis.cfolks.pl\/r2\/wp-content\/uploads\/2023\/05\/IMG_1769.jpg\"><img loading=\"lazy\" decoding=\"async\" class=\"alignnone wp-image-30467 size-medium\" src=\"https:\/\/wpserwis.cfolks.pl\/r2\/wp-content\/uploads\/2023\/05\/IMG_1769-225x300.jpg\" alt=\"\" width=\"225\" height=\"300\"><\/a><\/p>\n<p>&nbsp;<\/p>\n<p>&nbsp;<\/p>\n<p>.<\/p>\n","protected":false},"excerpt":{"rendered":"<p>W minion\u0105 sobot\u0119, a kolejny raz z rz\u0119du &#8211; na zaproszenie Wydzia\u0142u Sportu w dzielnicy Bemowo, brali\u015bmy udzia\u0142 w pikniku rodzinnym organizowanym przez w\u0142adze Bemowa. &#8222;Kosmiczny Dzie\u0144 Dziecka&#8221; o takiej nazwie odby\u0142a si\u0119 tegoroczna impreza a Parku G\u00f3rczewska. My strzworzyli\u015bmy stref\u0119 WTW z ergometrami wio\u015blarskim, kt\u00f3ra jak zawsze cieszy\u0142a si\u0119 bardzo du\u017cym zainteresowaniem w\u015br\u00f3d odwiedzaj\u0105cych. [&hellip;]<\/p>\n","protected":false},"author":1,"featured_media":30464,"comment_status":"closed","ping_status":"closed","sticky":false,"template":"","format":"standard","meta":{"_acf_changed":false,"footnotes":""},"categories":[1],"tags":[],"class_list":["post-30463","post","type-post","status-publish","format-standard","has-post-thumbnail","hentry","category-bez-kategorii"],"acf":[],"_links":{"self":[{"href":"https:\/\/wpserwis.cfolks.pl\/r2\/wp-json\/wp\/v2\/posts\/30463","targetHints":{"allow":["GET"]}}],"collection":[{"href":"https:\/\/wpserwis.cfolks.pl\/r2\/wp-json\/wp\/v2\/posts"}],"about":[{"href":"https:\/\/wpserwis.cfolks.pl\/r2\/wp-json\/wp\/v2\/types\/post"}],"author":[{"embeddable":true,"href":"https:\/\/wpserwis.cfolks.pl\/r2\/wp-json\/wp\/v2\/users\/1"}],"replies":[{"embeddable":true,"href":"https:\/\/wpserwis.cfolks.pl\/r2\/wp-json\/wp\/v2\/comments?post=30463"}],"version-history":[{"count":0,"href":"https:\/\/wpserwis.cfolks.pl\/r2\/wp-json\/wp\/v2\/posts\/30463\/revisions"}],"wp:featuredmedia":[{"embeddable":true,"href":"https:\/\/wpserwis.cfolks.pl\/r2\/wp-json\/"}],"wp:attachment":[{"href":"https:\/\/wpserwis.cfolks.pl\/r2\/wp-json\/wp\/v2\/media?parent=30463"}],"wp:term":[{"taxonomy":"category","embeddable":true,"href":"https:\/\/wpserwis.cfolks.pl\/r2\/wp-json\/wp\/v2\/categories?post=30463"},{"taxonomy":"post_tag","embeddable":true,"href":"https:\/\/wpserwis.cfolks.pl\/r2\/wp-json\/wp\/v2\/tags?post=30463"}],"curies":[{"name":"wp","href":"https:\/\/api.w.org\/{rel}","templated":true}]}}