{"id":30472,"date":"2023-05-29T09:18:44","date_gmt":"2023-05-29T07:18:44","guid":{"rendered":"https:\/\/wtw.waw.pl\/?p=30472"},"modified":"2023-05-29T09:18:44","modified_gmt":"2023-05-29T07:18:44","slug":"dobry-wystep-na-centralnych-regatach-w-kruszwicy","status":"publish","type":"post","link":"https:\/\/wpserwis.cfolks.pl\/r2\/dobry-wystep-na-centralnych-regatach-w-kruszwicy\/","title":{"rendered":"DOBRY WYST\u0118P NA CENTRALNYCH REGATACH W KRUSZWICY"},"content":{"rendered":"<div class=\"xdj266r x11i5rnm xat24cr x1mh8g0r x1vvkbs x126k92a\">\n<div dir=\"auto\">Centralne Regaty Kontrolne Junior\u00f3w w wio\u015blarstwie za Nami . Nasi Juniorzy przez ca\u0142y weekend rywalizowali w Kruszwicy na jeziorze Gop\u0142o z zawodnikami z ca\u0142ej Polski \u2026 i posz\u0142o im \u015bwietnie.<\/div>\n<div dir=\"auto\">&nbsp;<\/div>\n<\/div>\n<div class=\"x11i5rnm xat24cr x1mh8g0r x1vvkbs xtlvy1s x126k92a\">\n<div dir=\"auto\">Na ogromne wyr\u00f3\u017cnienie zas\u0142uguje Oktawia Stankiewicz-Wendling, kt\u00f3ra by\u0142a niepokonana w kategorii jedynkarek oraz na dw\u00f3jce wraz z Josephine Schlesinger. Ponadto \u015bwietnie spisa\u0142a si\u0119 Basia D\u0105browska zajmuj\u0105c 5 miejsce w kategorii jedynkarek (1xKJ) oraz 2 wraz z Magdalen\u0105 Romaniuk w kategorii dw\u00f3jki podw\u00f3jnej (2xKJ).<\/div>\n<div dir=\"auto\">&nbsp;<\/div>\n<div dir=\"auto\">Nasza dw\u00f3jka bez sternika (2-MJ) Niemczyk Bart\u0142omiej, Socha Bart\u0142omiej zaj\u0119li w finale A 6 miejsce, a w kategorii czw\u00f3rki bez sternika (4-MJ) wraz z Adrianem Ksi\u0105\u017ckiem i Filipem Aniserowiczem 5 miejsce&nbsp;.<\/div>\n<div dir=\"auto\">&nbsp;<\/div>\n<div dir=\"auto\">Na uwag\u0119 zas\u0142uguje tak\u017ce nasz m\u0142odzik Tyszko Wiktor, kt\u00f3ra w konkurencji jedynek (1x CH) zaj\u0105\u0142 5 miejsce w Finale A .<\/div>\n<\/div>\n<div class=\"x11i5rnm xat24cr x1mh8g0r x1vvkbs xtlvy1s x126k92a\">\n<div dir=\"auto\">&nbsp;<\/div>\n<div dir=\"auto\">Ogromne brawa i gratulacje dla Wszystkich Zawodnik\u00f3w i Trener\u00f3w.<\/div>\n<div dir=\"auto\">&nbsp;<\/div>\n<\/div>\n<div class=\"x11i5rnm xat24cr x1mh8g0r x1vvkbs xtlvy1s x126k92a\">\n<div dir=\"auto\">\u015awietna robota i dobre wej\u015bcie w sezon !<\/div>\n<\/div>\n<div dir=\"auto\">&nbsp;<\/div>\n<div dir=\"auto\">&nbsp;<\/div>\n<div dir=\"auto\"><a href=\"https:\/\/wpserwis.cfolks.pl\/r2\/wp-content\/uploads\/2023\/05\/347231630_642093824011250_2486098872371887331_n.jpg\"><img loading=\"lazy\" decoding=\"async\" class=\"alignnone wp-image-30474 size-medium\" src=\"https:\/\/wpserwis.cfolks.pl\/r2\/wp-content\/uploads\/2023\/05\/347231630_642093824011250_2486098872371887331_n-240x300.jpg\" alt=\"\" width=\"240\" height=\"300\"><\/a> <a href=\"https:\/\/wpserwis.cfolks.pl\/r2\/wp-content\/uploads\/2023\/05\/350007721_251206660924424_8999089829174018954_n.jpg\"><img loading=\"lazy\" decoding=\"async\" class=\"alignnone wp-image-30475 size-medium\" src=\"https:\/\/wpserwis.cfolks.pl\/r2\/wp-content\/uploads\/2023\/05\/350007721_251206660924424_8999089829174018954_n-240x300.jpg\" alt=\"\" width=\"240\" height=\"300\"><\/a> <a href=\"https:\/\/wpserwis.cfolks.pl\/r2\/wp-content\/uploads\/2023\/05\/350273690_571266338423776_1494882725117232286_n.jpg\"><img loading=\"lazy\" decoding=\"async\" class=\"alignnone wp-image-30476 size-medium\" src=\"https:\/\/wpserwis.cfolks.pl\/r2\/wp-content\/uploads\/2023\/05\/350273690_571266338423776_1494882725117232286_n-240x300.jpg\" alt=\"\" width=\"240\" height=\"300\"><\/a> <a href=\"https:\/\/wpserwis.cfolks.pl\/r2\/wp-content\/uploads\/2023\/05\/350316028_635012025331164_2241592985193336951_n.jpg\"><img loading=\"lazy\" decoding=\"async\" class=\"alignnone wp-image-30477 size-medium\" src=\"https:\/\/wpserwis.cfolks.pl\/r2\/wp-content\/uploads\/2023\/05\/350316028_635012025331164_2241592985193336951_n-240x300.jpg\" alt=\"\" width=\"240\" height=\"300\"><\/a><\/div>\n","protected":false},"excerpt":{"rendered":"<p>Centralne Regaty Kontrolne Junior\u00f3w w wio\u015blarstwie za Nami . Nasi Juniorzy przez ca\u0142y weekend rywalizowali w Kruszwicy na jeziorze Gop\u0142o z zawodnikami z ca\u0142ej Polski \u2026 i posz\u0142o im \u015bwietnie. &nbsp; Na ogromne wyr\u00f3\u017cnienie zas\u0142uguje Oktawia Stankiewicz-Wendling, kt\u00f3ra by\u0142a niepokonana w kategorii jedynkarek oraz na dw\u00f3jce wraz z Josephine Schlesinger. Ponadto \u015bwietnie spisa\u0142a si\u0119 Basia [&hellip;]<\/p>\n","protected":false},"author":1,"featured_media":30478,"comment_status":"closed","ping_status":"closed","sticky":false,"template":"","format":"standard","meta":{"_acf_changed":false,"footnotes":""},"categories":[1],"tags":[],"class_list":["post-30472","post","type-post","status-publish","format-standard","has-post-thumbnail","hentry","category-bez-kategorii"],"acf":[],"_links":{"self":[{"href":"https:\/\/wpserwis.cfolks.pl\/r2\/wp-json\/wp\/v2\/posts\/30472","targetHints":{"allow":["GET"]}}],"collection":[{"href":"https:\/\/wpserwis.cfolks.pl\/r2\/wp-json\/wp\/v2\/posts"}],"about":[{"href":"https:\/\/wpserwis.cfolks.pl\/r2\/wp-json\/wp\/v2\/types\/post"}],"author":[{"embeddable":true,"href":"https:\/\/wpserwis.cfolks.pl\/r2\/wp-json\/wp\/v2\/users\/1"}],"replies":[{"embeddable":true,"href":"https:\/\/wpserwis.cfolks.pl\/r2\/wp-json\/wp\/v2\/comments?post=30472"}],"version-history":[{"count":0,"href":"https:\/\/wpserwis.cfolks.pl\/r2\/wp-json\/wp\/v2\/posts\/30472\/revisions"}],"wp:featuredmedia":[{"embeddable":true,"href":"https:\/\/wpserwis.cfolks.pl\/r2\/wp-json\/"}],"wp:attachment":[{"href":"https:\/\/wpserwis.cfolks.pl\/r2\/wp-json\/wp\/v2\/media?parent=30472"}],"wp:term":[{"taxonomy":"category","embeddable":true,"href":"https:\/\/wpserwis.cfolks.pl\/r2\/wp-json\/wp\/v2\/categories?post=30472"},{"taxonomy":"post_tag","embeddable":true,"href":"https:\/\/wpserwis.cfolks.pl\/r2\/wp-json\/wp\/v2\/tags?post=30472"}],"curies":[{"name":"wp","href":"https:\/\/api.w.org\/{rel}","templated":true}]}}