{"id":30480,"date":"2023-05-29T09:35:53","date_gmt":"2023-05-29T07:35:53","guid":{"rendered":"https:\/\/wtw.waw.pl\/?p=30480"},"modified":"2023-05-29T09:35:53","modified_gmt":"2023-05-29T07:35:53","slug":"piotr-plominski-trzynasty-na-mistrzostwach-europy-seniorow","status":"publish","type":"post","link":"https:\/\/wpserwis.cfolks.pl\/r2\/piotr-plominski-trzynasty-na-mistrzostwach-europy-seniorow\/","title":{"rendered":"PIOTR P\u0141OMI\u0143SKI TRZYNASTY NA MISTRZOSTWACH EUROPY SENIOR\u00d3W"},"content":{"rendered":"<p>Na zako\u0144czonych Mistrzostwach Europy Senior\u00f3w w wio\u015blarstwie, Piotr P\u0142omi\u0144ski zaj\u0105\u0142 trzynaste miejsce. Jedyny przedstawiciel naszego klubu na tegorocznym czempionacie, na malowniczym torze w s\u0142owe\u0144skim Bled, musia\u0142 uzna\u0107 wy\u017cszo\u015b\u0107 rywali.<\/p>\n<p>Starczy\u0142o tym razem tylko na zwyci\u0119stwo w finale C.<\/p>\n<p>Start w S\u0142owenii by\u0142 debiutem Piotra na jedynce w kategorii senior\u00f3w. Przed rokiem P\u0142omi\u0144ski p\u0142yn\u0105\u0142 na dw\u00f3jce z Szymonem Po\u015bnikiem (AZS AWF W-wa).<\/p>\n<p>Piotrowi mocno kibicujemy i \u015bciskamy kciuki &#8211; to dopiero pocz\u0105tek sezonu.<\/p>\n<p>fot.<a href=\"https:\/\/juliakowacic.com\/\"> https:\/\/juliakowacic.com\/<\/a><\/p>\n<p>&nbsp;<\/p>\n<p><a href=\"https:\/\/wpserwis.cfolks.pl\/r2\/wp-content\/uploads\/2023\/05\/349539524_5919758244796161_1434907154582869724_n.jpg\"><img loading=\"lazy\" decoding=\"async\" class=\"alignnone wp-image-30483 size-medium\" src=\"https:\/\/wpserwis.cfolks.pl\/r2\/wp-content\/uploads\/2023\/05\/349539524_5919758244796161_1434907154582869724_n-300x200.jpg\" alt=\"\" width=\"300\" height=\"200\"><\/a> <a href=\"https:\/\/wpserwis.cfolks.pl\/r2\/wp-content\/uploads\/2023\/05\/Zrzut-ekranu-2023-05-29-o-09.21.32.png\"><img loading=\"lazy\" decoding=\"async\" class=\"alignnone wp-image-30484 size-medium\" src=\"https:\/\/wpserwis.cfolks.pl\/r2\/wp-content\/uploads\/2023\/05\/Zrzut-ekranu-2023-05-29-o-09.21.32-300x196.png\" alt=\"\" width=\"300\" height=\"196\"><\/a><\/p>\n<p>&nbsp;<\/p>\n","protected":false},"excerpt":{"rendered":"<p>Na zako\u0144czonych Mistrzostwach Europy Senior\u00f3w w wio\u015blarstwie, Piotr P\u0142omi\u0144ski zaj\u0105\u0142 trzynaste miejsce. Jedyny przedstawiciel naszego klubu na tegorocznym czempionacie, na malowniczym torze w s\u0142owe\u0144skim Bled, musia\u0142 uzna\u0107 wy\u017cszo\u015b\u0107 rywali. Starczy\u0142o tym razem tylko na zwyci\u0119stwo w finale C. Start w S\u0142owenii by\u0142 debiutem Piotra na jedynce w kategorii senior\u00f3w. Przed rokiem P\u0142omi\u0144ski p\u0142yn\u0105\u0142 na dw\u00f3jce [&hellip;]<\/p>\n","protected":false},"author":1,"featured_media":30482,"comment_status":"closed","ping_status":"closed","sticky":false,"template":"","format":"standard","meta":{"_acf_changed":false,"footnotes":""},"categories":[1],"tags":[],"class_list":["post-30480","post","type-post","status-publish","format-standard","has-post-thumbnail","hentry","category-bez-kategorii"],"acf":[],"_links":{"self":[{"href":"https:\/\/wpserwis.cfolks.pl\/r2\/wp-json\/wp\/v2\/posts\/30480","targetHints":{"allow":["GET"]}}],"collection":[{"href":"https:\/\/wpserwis.cfolks.pl\/r2\/wp-json\/wp\/v2\/posts"}],"about":[{"href":"https:\/\/wpserwis.cfolks.pl\/r2\/wp-json\/wp\/v2\/types\/post"}],"author":[{"embeddable":true,"href":"https:\/\/wpserwis.cfolks.pl\/r2\/wp-json\/wp\/v2\/users\/1"}],"replies":[{"embeddable":true,"href":"https:\/\/wpserwis.cfolks.pl\/r2\/wp-json\/wp\/v2\/comments?post=30480"}],"version-history":[{"count":0,"href":"https:\/\/wpserwis.cfolks.pl\/r2\/wp-json\/wp\/v2\/posts\/30480\/revisions"}],"wp:featuredmedia":[{"embeddable":true,"href":"https:\/\/wpserwis.cfolks.pl\/r2\/wp-json\/"}],"wp:attachment":[{"href":"https:\/\/wpserwis.cfolks.pl\/r2\/wp-json\/wp\/v2\/media?parent=30480"}],"wp:term":[{"taxonomy":"category","embeddable":true,"href":"https:\/\/wpserwis.cfolks.pl\/r2\/wp-json\/wp\/v2\/categories?post=30480"},{"taxonomy":"post_tag","embeddable":true,"href":"https:\/\/wpserwis.cfolks.pl\/r2\/wp-json\/wp\/v2\/tags?post=30480"}],"curies":[{"name":"wp","href":"https:\/\/api.w.org\/{rel}","templated":true}]}}