{"id":30502,"date":"2023-06-05T09:21:46","date_gmt":"2023-06-05T07:21:46","guid":{"rendered":"https:\/\/wtw.waw.pl\/?p=30502"},"modified":"2023-06-05T09:21:46","modified_gmt":"2023-06-05T07:21:46","slug":"mistrzostwa-polski-seniorow-zloto-dwojki-mezczyzn","status":"publish","type":"post","link":"https:\/\/wpserwis.cfolks.pl\/r2\/mistrzostwa-polski-seniorow-zloto-dwojki-mezczyzn\/","title":{"rendered":"MISTRZOSTWA POLSKI SENIOR\u00d3W &#8211; Z\u0141OTO DW\u00d3JKI M\u0118\u017bCZYZN"},"content":{"rendered":"<p>Konrad Doma\u0144ski i Piotr P\u0142omi\u0144ski zostali Mistrzami Polski na dw\u00f3jce podw\u00f3jnej.<\/p>\n<p>W miniony weekend, na torze regatowym &#8222;Malta&#8221; w Poznaniu odbywa\u0142y si\u0119 Mistrzostwa Polski Senior\u00f3w w wio\u015blarstwie. W finale nasi Panowie nie mieli sobie r\u00f3wnych, prowadz\u0105c od samego startu, a\u017c do mety.<\/p>\n<p>Bardzo dobry wynik osi\u0105gn\u0119\u0142a nasza juniorka Julia Facon, kt\u00f3ra w swoim debiucie na seniorskiej imprezie zaj\u0119\u0142a sz\u00f3ste miejsce w finale A. Ju\u017c sam awans do fina\u0142u by\u0142 \u015bwietnym wynikiem, a w finale Julka uzna\u0107 musia\u0142a wy\u017cszo\u015b\u0107 \u015bcis\u0142ej reprezentacyjnej czo\u0142\u00f3wce, b\u0119d\u0105c najm\u0142odsz\u0105 wio\u015blark\u0105 w stawce.<\/p>\n<p>Niewiele zabrak\u0142o naszej czw\u00f3rce podw\u00f3jnej w sk\u0142adzie: Miko\u0142aj Kot, Marcin \u017bo\u0142ek, Konrad Doma\u0144ski i Piotr P\u0142omi\u0144ski, kt\u00f3rzy (troch\u0119 pechowo) na met\u0119 przyp\u0142yn\u0119li na czwartej pozycji, w samej ko\u0144c\u00f3wce trac\u0105c br\u0105zowy medal. Pomimo braku medalu, wyst\u0119p czw\u00f3rki trzeba r\u00f3wnie\u017c oceni\u0107 bardzo pozytywnie.<\/p>\n<p>Tak wi\u0119c sezon w pe\u0142ni.<\/p>\n<p>Serdecznie gratulujemy wyst\u0119pu naszym Zawodnikom i ich Trenerom. R\u00f3bcie dalej swoje !<\/p>\n<p>&nbsp;<\/p>\n<p>fot. www.pztw.pl<\/p>\n<p>&nbsp;<\/p>\n<p>&nbsp;<\/p>\n","protected":false},"excerpt":{"rendered":"<p>Konrad Doma\u0144ski i Piotr P\u0142omi\u0144ski zostali Mistrzami Polski na dw\u00f3jce podw\u00f3jnej. W miniony weekend, na torze regatowym &#8222;Malta&#8221; w Poznaniu odbywa\u0142y si\u0119 Mistrzostwa Polski Senior\u00f3w w wio\u015blarstwie. W finale nasi Panowie nie mieli sobie r\u00f3wnych, prowadz\u0105c od samego startu, a\u017c do mety. Bardzo dobry wynik osi\u0105gn\u0119\u0142a nasza juniorka Julia Facon, kt\u00f3ra w swoim debiucie na [&hellip;]<\/p>\n","protected":false},"author":1,"featured_media":30503,"comment_status":"closed","ping_status":"closed","sticky":false,"template":"","format":"standard","meta":{"_acf_changed":false,"footnotes":""},"categories":[1],"tags":[],"class_list":["post-30502","post","type-post","status-publish","format-standard","has-post-thumbnail","hentry","category-bez-kategorii"],"acf":[],"_links":{"self":[{"href":"https:\/\/wpserwis.cfolks.pl\/r2\/wp-json\/wp\/v2\/posts\/30502","targetHints":{"allow":["GET"]}}],"collection":[{"href":"https:\/\/wpserwis.cfolks.pl\/r2\/wp-json\/wp\/v2\/posts"}],"about":[{"href":"https:\/\/wpserwis.cfolks.pl\/r2\/wp-json\/wp\/v2\/types\/post"}],"author":[{"embeddable":true,"href":"https:\/\/wpserwis.cfolks.pl\/r2\/wp-json\/wp\/v2\/users\/1"}],"replies":[{"embeddable":true,"href":"https:\/\/wpserwis.cfolks.pl\/r2\/wp-json\/wp\/v2\/comments?post=30502"}],"version-history":[{"count":0,"href":"https:\/\/wpserwis.cfolks.pl\/r2\/wp-json\/wp\/v2\/posts\/30502\/revisions"}],"wp:featuredmedia":[{"embeddable":true,"href":"https:\/\/wpserwis.cfolks.pl\/r2\/wp-json\/"}],"wp:attachment":[{"href":"https:\/\/wpserwis.cfolks.pl\/r2\/wp-json\/wp\/v2\/media?parent=30502"}],"wp:term":[{"taxonomy":"category","embeddable":true,"href":"https:\/\/wpserwis.cfolks.pl\/r2\/wp-json\/wp\/v2\/categories?post=30502"},{"taxonomy":"post_tag","embeddable":true,"href":"https:\/\/wpserwis.cfolks.pl\/r2\/wp-json\/wp\/v2\/tags?post=30502"}],"curies":[{"name":"wp","href":"https:\/\/api.w.org\/{rel}","templated":true}]}}