{"id":30515,"date":"2023-06-13T08:56:41","date_gmt":"2023-06-13T06:56:41","guid":{"rendered":"https:\/\/wtw.waw.pl\/?p=30515"},"modified":"2023-06-13T08:56:41","modified_gmt":"2023-06-13T06:56:41","slug":"30515-2","status":"publish","type":"post","link":"https:\/\/wpserwis.cfolks.pl\/r2\/30515-2\/","title":{"rendered":"CZTERNA\u015aCIE MEDALI KAJAKARZY W WOM-ie"},"content":{"rendered":"<div class=\"x11i5rnm xat24cr x1mh8g0r x1vvkbs xtlvy1s x126k92a\">\n<div dir=\"auto\">W ostatni weekend odby\u0142a si\u0119 Warszawska Olimpiada M\u0142odzie\u017cy w kajakarstwie. Zdobyli\u015bmy 14 medali w tym 6 z\u0142otych.<\/div>\n<div dir=\"auto\">&nbsp;<\/div>\n<div dir=\"auto\">Na zdj\u0119ciach z\u0142oty medalista z WTW Wiktor Cruz-Koniak w kategorii dzieci oraz trenerzy WTW z najm\u0142odszymi kajakarzami WTW.<\/div>\n<\/div>\n<div class=\"x11i5rnm xat24cr x1mh8g0r x1vvkbs xtlvy1s x126k92a\">\n<div dir=\"auto\">&nbsp;<\/div>\n<div dir=\"auto\">Ogromne gratulacje dla naszych m\u0142odych kajakarzy<span class=\"x3nfvp2 x1j61x8r x1fcty0u xdj266r xhhsvwb xat24cr xgzva0m xxymvpz xlup9mm x1kky2od\"> i ich trener\u00f3w.<\/span><\/div>\n<\/div>\n<div dir=\"auto\">&nbsp;<\/div>\n<div dir=\"auto\">&nbsp;<\/div>\n<div dir=\"auto\"><a href=\"https:\/\/wpserwis.cfolks.pl\/r2\/wp-content\/uploads\/2023\/06\/353775501_636540578502800_7692388500628733228_n.jpg\"><img loading=\"lazy\" decoding=\"async\" class=\"alignnone size-full wp-image-30517\" src=\"https:\/\/wpserwis.cfolks.pl\/r2\/wp-content\/uploads\/2023\/06\/353775501_636540578502800_7692388500628733228_n.jpg\" alt=\"\" width=\"508\" height=\"404\"><\/a><\/div>\n<div dir=\"auto\">&nbsp;<\/div>\n<div dir=\"auto\">&nbsp;<\/div>\n<div dir=\"auto\">,<\/div>\n","protected":false},"excerpt":{"rendered":"<p>W ostatni weekend odby\u0142a si\u0119 Warszawska Olimpiada M\u0142odzie\u017cy w kajakarstwie. Zdobyli\u015bmy 14 medali w tym 6 z\u0142otych. &nbsp; Na zdj\u0119ciach z\u0142oty medalista z WTW Wiktor Cruz-Koniak w kategorii dzieci oraz trenerzy WTW z najm\u0142odszymi kajakarzami WTW. &nbsp; Ogromne gratulacje dla naszych m\u0142odych kajakarzy i ich trener\u00f3w. &nbsp; &nbsp; &nbsp; &nbsp; ,<\/p>\n","protected":false},"author":1,"featured_media":30516,"comment_status":"closed","ping_status":"closed","sticky":false,"template":"","format":"standard","meta":{"_acf_changed":false,"footnotes":""},"categories":[1],"tags":[],"class_list":["post-30515","post","type-post","status-publish","format-standard","has-post-thumbnail","hentry","category-bez-kategorii"],"acf":[],"_links":{"self":[{"href":"https:\/\/wpserwis.cfolks.pl\/r2\/wp-json\/wp\/v2\/posts\/30515","targetHints":{"allow":["GET"]}}],"collection":[{"href":"https:\/\/wpserwis.cfolks.pl\/r2\/wp-json\/wp\/v2\/posts"}],"about":[{"href":"https:\/\/wpserwis.cfolks.pl\/r2\/wp-json\/wp\/v2\/types\/post"}],"author":[{"embeddable":true,"href":"https:\/\/wpserwis.cfolks.pl\/r2\/wp-json\/wp\/v2\/users\/1"}],"replies":[{"embeddable":true,"href":"https:\/\/wpserwis.cfolks.pl\/r2\/wp-json\/wp\/v2\/comments?post=30515"}],"version-history":[{"count":0,"href":"https:\/\/wpserwis.cfolks.pl\/r2\/wp-json\/wp\/v2\/posts\/30515\/revisions"}],"wp:featuredmedia":[{"embeddable":true,"href":"https:\/\/wpserwis.cfolks.pl\/r2\/wp-json\/"}],"wp:attachment":[{"href":"https:\/\/wpserwis.cfolks.pl\/r2\/wp-json\/wp\/v2\/media?parent=30515"}],"wp:term":[{"taxonomy":"category","embeddable":true,"href":"https:\/\/wpserwis.cfolks.pl\/r2\/wp-json\/wp\/v2\/categories?post=30515"},{"taxonomy":"post_tag","embeddable":true,"href":"https:\/\/wpserwis.cfolks.pl\/r2\/wp-json\/wp\/v2\/tags?post=30515"}],"curies":[{"name":"wp","href":"https:\/\/api.w.org\/{rel}","templated":true}]}}