{"id":30521,"date":"2023-06-13T09:03:43","date_gmt":"2023-06-13T07:03:43","guid":{"rendered":"https:\/\/wtw.waw.pl\/?p=30521"},"modified":"2023-06-13T09:03:43","modified_gmt":"2023-06-13T07:03:43","slug":"wioslujemy-w-wilanowskim-dniu-sportu-17-06","status":"publish","type":"post","link":"https:\/\/wpserwis.cfolks.pl\/r2\/wioslujemy-w-wilanowskim-dniu-sportu-17-06\/","title":{"rendered":"WIOS\u0141UJEMY W WILANOWSKIM DNIU SPORTU 17.06"},"content":{"rendered":"<p>Ju\u017c w najbli\u017csz\u0105 sobot\u0119, na pla\u017cy Wilan\u00f3w &#8211; odb\u0119dzie si\u0119 &#8222;Wilanowski Dzie\u0144 Sportu&#8221; (dawniej Wannado). Ju\u017c od kilku lat WTW Warszawa podczas tej imprezy organizuje stref\u0119 z ergometrami wio\u015blarskimi. Tak te\u017c b\u0119dzie i tym razem.<\/p>\n<p>Stref\u0119 w tym roku poprowadz\u0105 nasi zawodnicy Julia Facon i Miko\u0142aj Kot, przy koordynacyjnym wsparciu Micha\u0142a Filipczaka.<\/p>\n<p>Startujemy od godziny 11:00.<\/p>\n<p>Do zobaczenia !<\/p>\n<p>&nbsp;<\/p>\n<p>&nbsp;<\/p>\n<p>&nbsp;<\/p>\n<p>.<\/p>\n","protected":false},"excerpt":{"rendered":"<p>Ju\u017c w najbli\u017csz\u0105 sobot\u0119, na pla\u017cy Wilan\u00f3w &#8211; odb\u0119dzie si\u0119 &#8222;Wilanowski Dzie\u0144 Sportu&#8221; (dawniej Wannado). Ju\u017c od kilku lat WTW Warszawa podczas tej imprezy organizuje stref\u0119 z ergometrami wio\u015blarskimi. Tak te\u017c b\u0119dzie i tym razem. Stref\u0119 w tym roku poprowadz\u0105 nasi zawodnicy Julia Facon i Miko\u0142aj Kot, przy koordynacyjnym wsparciu Micha\u0142a Filipczaka. Startujemy od godziny [&hellip;]<\/p>\n","protected":false},"author":1,"featured_media":30522,"comment_status":"closed","ping_status":"closed","sticky":false,"template":"","format":"standard","meta":{"_acf_changed":false,"footnotes":""},"categories":[1],"tags":[],"class_list":["post-30521","post","type-post","status-publish","format-standard","has-post-thumbnail","hentry","category-bez-kategorii"],"acf":[],"_links":{"self":[{"href":"https:\/\/wpserwis.cfolks.pl\/r2\/wp-json\/wp\/v2\/posts\/30521","targetHints":{"allow":["GET"]}}],"collection":[{"href":"https:\/\/wpserwis.cfolks.pl\/r2\/wp-json\/wp\/v2\/posts"}],"about":[{"href":"https:\/\/wpserwis.cfolks.pl\/r2\/wp-json\/wp\/v2\/types\/post"}],"author":[{"embeddable":true,"href":"https:\/\/wpserwis.cfolks.pl\/r2\/wp-json\/wp\/v2\/users\/1"}],"replies":[{"embeddable":true,"href":"https:\/\/wpserwis.cfolks.pl\/r2\/wp-json\/wp\/v2\/comments?post=30521"}],"version-history":[{"count":0,"href":"https:\/\/wpserwis.cfolks.pl\/r2\/wp-json\/wp\/v2\/posts\/30521\/revisions"}],"wp:featuredmedia":[{"embeddable":true,"href":"https:\/\/wpserwis.cfolks.pl\/r2\/wp-json\/"}],"wp:attachment":[{"href":"https:\/\/wpserwis.cfolks.pl\/r2\/wp-json\/wp\/v2\/media?parent=30521"}],"wp:term":[{"taxonomy":"category","embeddable":true,"href":"https:\/\/wpserwis.cfolks.pl\/r2\/wp-json\/wp\/v2\/categories?post=30521"},{"taxonomy":"post_tag","embeddable":true,"href":"https:\/\/wpserwis.cfolks.pl\/r2\/wp-json\/wp\/v2\/tags?post=30521"}],"curies":[{"name":"wp","href":"https:\/\/api.w.org\/{rel}","templated":true}]}}