{"id":30525,"date":"2023-06-15T10:07:41","date_gmt":"2023-06-15T08:07:41","guid":{"rendered":"https:\/\/wtw.waw.pl\/?p=30525"},"modified":"2023-06-15T10:07:41","modified_gmt":"2023-06-15T08:07:41","slug":"wtw-na-bemowie-mistrzostwa-seniorow-18-06","status":"publish","type":"post","link":"https:\/\/wpserwis.cfolks.pl\/r2\/wtw-na-bemowie-mistrzostwa-seniorow-18-06\/","title":{"rendered":"WTW NA BEMOWIE &#8211; MISTRZOSTWA SENIOR\u00d3W 18.06."},"content":{"rendered":"<div dir=\"auto\">Zapraszamy na aktywn\u0105 niedziel\u0119 i mi\u0119dzypokoleniow\u0105 integracj\u0119 sportow\u0105! Ju\u017c 18 czerwca w godz. 11.00-16.00 na terenie zielonym O\u015brodka Sportu i Rekreracji Bemowo, odb\u0119d\u0105 si\u0119 Mistrzostwa Senior\u00f3w oraz piknik z wieloma atrakcjami.<\/div>\n<div dir=\"auto\">&nbsp;<\/div>\n<div dir=\"auto\">WTW Warszawa b\u0119dzie ponownie obecne na Bemowi i b\u0119dzie mia\u0142o przyjemno\u015b\u0107 organizowania zawod\u00f3w dla senior\u00f3w na ergometrach wio\u015blarskich.<\/div>\n<div dir=\"auto\">W naszej ergo strefie spotka\u0107 b\u0119dzie mo\u017cna Mistrza \u015awiata i czterokrotnego olimpijczyka Marcina Brzezi\u0144skiego, a tak\u017ce m\u0142odszych zawodnik\u00f3w sekcji wio\u015blarskiej WTW: Juli\u0119 Facon i Miko\u0142aja Kota. Wszystko koordynowa\u0107 b\u0119dzie nasz pracownik Micha\u0142 Filipczak.<\/div>\n<div dir=\"auto\">&nbsp;<\/div>\n<div dir=\"auto\">W programie m.in. zawody na ergometrach wio\u015blarskich, warsztaty, konkurencje sportowe, bule, pokazy ratownictwa medycznego oraz strefa dla wnuczka.<\/div>\n<div dir=\"auto\">&nbsp;<\/div>\n<div dir=\"auto\">Harmonogram zapis\u00f3w na zawody znale\u017a\u0107 mo\u017cna tutaj: <span style=\"color: #3366ff;\"><a style=\"color: #3366ff;\" href=\"https:\/\/bemowo.um.warszawa.pl\/-\/aktywny-senior-na-bemowie?fbclid=IwAR3ePam_RiQ9q4gBsNjsnn20aZGQGxUqrn0NR2rp16U1nh_Yb0S6E3msCww\"><strong>HARMONOGRAM ZAWOD\u00d3W<\/strong><\/a><\/span><\/div>\n<div dir=\"auto\">&nbsp;<\/div>\n<div dir=\"auto\">Do zobaczenia! Startujemy od godziny 11:00.<\/div>\n<div dir=\"auto\">&nbsp;<\/div>\n<div dir=\"auto\">&nbsp;<\/div>\n","protected":false},"excerpt":{"rendered":"<p>Zapraszamy na aktywn\u0105 niedziel\u0119 i mi\u0119dzypokoleniow\u0105 integracj\u0119 sportow\u0105! Ju\u017c 18 czerwca w godz. 11.00-16.00 na terenie zielonym O\u015brodka Sportu i Rekreracji Bemowo, odb\u0119d\u0105 si\u0119 Mistrzostwa Senior\u00f3w oraz piknik z wieloma atrakcjami. &nbsp; WTW Warszawa b\u0119dzie ponownie obecne na Bemowi i b\u0119dzie mia\u0142o przyjemno\u015b\u0107 organizowania zawod\u00f3w dla senior\u00f3w na ergometrach wio\u015blarskich. W naszej ergo strefie spotka\u0107 [&hellip;]<\/p>\n","protected":false},"author":1,"featured_media":30526,"comment_status":"closed","ping_status":"closed","sticky":false,"template":"","format":"standard","meta":{"_acf_changed":false,"footnotes":""},"categories":[1],"tags":[],"class_list":["post-30525","post","type-post","status-publish","format-standard","has-post-thumbnail","hentry","category-bez-kategorii"],"acf":[],"_links":{"self":[{"href":"https:\/\/wpserwis.cfolks.pl\/r2\/wp-json\/wp\/v2\/posts\/30525","targetHints":{"allow":["GET"]}}],"collection":[{"href":"https:\/\/wpserwis.cfolks.pl\/r2\/wp-json\/wp\/v2\/posts"}],"about":[{"href":"https:\/\/wpserwis.cfolks.pl\/r2\/wp-json\/wp\/v2\/types\/post"}],"author":[{"embeddable":true,"href":"https:\/\/wpserwis.cfolks.pl\/r2\/wp-json\/wp\/v2\/users\/1"}],"replies":[{"embeddable":true,"href":"https:\/\/wpserwis.cfolks.pl\/r2\/wp-json\/wp\/v2\/comments?post=30525"}],"version-history":[{"count":0,"href":"https:\/\/wpserwis.cfolks.pl\/r2\/wp-json\/wp\/v2\/posts\/30525\/revisions"}],"wp:featuredmedia":[{"embeddable":true,"href":"https:\/\/wpserwis.cfolks.pl\/r2\/wp-json\/"}],"wp:attachment":[{"href":"https:\/\/wpserwis.cfolks.pl\/r2\/wp-json\/wp\/v2\/media?parent=30525"}],"wp:term":[{"taxonomy":"category","embeddable":true,"href":"https:\/\/wpserwis.cfolks.pl\/r2\/wp-json\/wp\/v2\/categories?post=30525"},{"taxonomy":"post_tag","embeddable":true,"href":"https:\/\/wpserwis.cfolks.pl\/r2\/wp-json\/wp\/v2\/tags?post=30525"}],"curies":[{"name":"wp","href":"https:\/\/api.w.org\/{rel}","templated":true}]}}