{"id":30609,"date":"2023-06-19T12:54:59","date_gmt":"2023-06-19T10:54:59","guid":{"rendered":"https:\/\/wtw.waw.pl\/?p=30609"},"modified":"2023-06-19T12:54:59","modified_gmt":"2023-06-19T10:54:59","slug":"9-miejsce-piotra-plominskiego-w-pucharze-swiata","status":"publish","type":"post","link":"https:\/\/wpserwis.cfolks.pl\/r2\/9-miejsce-piotra-plominskiego-w-pucharze-swiata\/","title":{"rendered":"9 MIEJSCE PIOTRA P\u0141OMI\u0143SKIEGO W PUCHARZE \u015aWIATA"},"content":{"rendered":"<p>We w\u0142oskim Varese, w miniony weekend odbywa\u0142y si\u0119 wio\u015blarskie regaty z cyklu Pucharu \u015awiata. Jedyny przedstawiciel naszego klubu w kadrze narodowej &#8211; Piotr P\u0142omi\u0144ski, zaj\u0105\u0142 dziewi\u0105te miejsce (trzecie miejsce w Finale B) na jedynce.<\/p>\n<p>Piotrkowi gratulujemy startu. \u017byczymy zdrowia i spokojnych przygotowa\u0107 do dalszej cz\u0119\u015bci sezonu.<\/p>\n<p><a href=\"https:\/\/www.pztw.pl\/aktualnosci\/wiadomosci\/2094-II%20Puchar%20%C5%9Awiata%20w%20Varese:%20czw%C3%B3rka%20podw%C3%B3jna%20m%C4%99%C5%BCczyzn%20zn%C3%B3w%20najlepsza\">Zobacz wyniki bia\u0142o-czerwonych<\/a><\/p>\n<p>&nbsp;<\/p>\n<p>&nbsp;<\/p>\n<p>&nbsp;<\/p>\n<p>&nbsp;<\/p>\n<p>.<\/p>\n","protected":false},"excerpt":{"rendered":"<p>We w\u0142oskim Varese, w miniony weekend odbywa\u0142y si\u0119 wio\u015blarskie regaty z cyklu Pucharu \u015awiata. Jedyny przedstawiciel naszego klubu w kadrze narodowej &#8211; Piotr P\u0142omi\u0144ski, zaj\u0105\u0142 dziewi\u0105te miejsce (trzecie miejsce w Finale B) na jedynce. Piotrkowi gratulujemy startu. \u017byczymy zdrowia i spokojnych przygotowa\u0107 do dalszej cz\u0119\u015bci sezonu. Zobacz wyniki bia\u0142o-czerwonych &nbsp; &nbsp; &nbsp; &nbsp; .<\/p>\n","protected":false},"author":1,"featured_media":30611,"comment_status":"closed","ping_status":"closed","sticky":false,"template":"","format":"standard","meta":{"_acf_changed":false,"footnotes":""},"categories":[1],"tags":[],"class_list":["post-30609","post","type-post","status-publish","format-standard","has-post-thumbnail","hentry","category-bez-kategorii"],"acf":[],"_links":{"self":[{"href":"https:\/\/wpserwis.cfolks.pl\/r2\/wp-json\/wp\/v2\/posts\/30609","targetHints":{"allow":["GET"]}}],"collection":[{"href":"https:\/\/wpserwis.cfolks.pl\/r2\/wp-json\/wp\/v2\/posts"}],"about":[{"href":"https:\/\/wpserwis.cfolks.pl\/r2\/wp-json\/wp\/v2\/types\/post"}],"author":[{"embeddable":true,"href":"https:\/\/wpserwis.cfolks.pl\/r2\/wp-json\/wp\/v2\/users\/1"}],"replies":[{"embeddable":true,"href":"https:\/\/wpserwis.cfolks.pl\/r2\/wp-json\/wp\/v2\/comments?post=30609"}],"version-history":[{"count":0,"href":"https:\/\/wpserwis.cfolks.pl\/r2\/wp-json\/wp\/v2\/posts\/30609\/revisions"}],"wp:featuredmedia":[{"embeddable":true,"href":"https:\/\/wpserwis.cfolks.pl\/r2\/wp-json\/"}],"wp:attachment":[{"href":"https:\/\/wpserwis.cfolks.pl\/r2\/wp-json\/wp\/v2\/media?parent=30609"}],"wp:term":[{"taxonomy":"category","embeddable":true,"href":"https:\/\/wpserwis.cfolks.pl\/r2\/wp-json\/wp\/v2\/categories?post=30609"},{"taxonomy":"post_tag","embeddable":true,"href":"https:\/\/wpserwis.cfolks.pl\/r2\/wp-json\/wp\/v2\/tags?post=30609"}],"curies":[{"name":"wp","href":"https:\/\/api.w.org\/{rel}","templated":true}]}}