{"id":30633,"date":"2023-06-21T08:37:50","date_gmt":"2023-06-21T06:37:50","guid":{"rendered":"https:\/\/wtw.waw.pl\/?p=30633"},"modified":"2023-06-21T08:37:50","modified_gmt":"2023-06-21T06:37:50","slug":"walne-zebranie-sprawozdawcze-wtw-warszawa-24-09-2022-2-2","status":"publish","type":"post","link":"https:\/\/wpserwis.cfolks.pl\/r2\/walne-zebranie-sprawozdawcze-wtw-warszawa-24-09-2022-2-2\/","title":{"rendered":"WALNE ZEBRANIE SPRAWOZDAWCZE WTW WARSZAWA &#8211; 24.06.2023"},"content":{"rendered":"<p>Zarz\u0105d Warszawskiego Towarzystwa Wio\u015blarskiego, wyznacza na dzie\u0144 24.06.2023r. Walne Zebranie Sprawozdawcze Cz\u0142onk\u00f3w WTW Warszawa. Walne Zebranie odb\u0119dzie si\u0119 w I &#8211; szym terminie o godz. 10:00 i w II-gim terminie o godz. 10:15 .<br \/>\nMiejsce: Siedziba WTW przy ul. Wio\u015blarskiej 6 w Warszawie (parter)<\/p>\n<p>W przypadku nieobecno\u015bci na Walnym Zebraniu, przypominamy o konieczno\u015bci przekazania usprawiedliwienia do Biura WTW; email: <a href=\"mailto:wtw@wtw.waw.pl\">wtw@wtw.waw.pl<\/a> lub poczt\u0105 tradycyjn\u0105: Zaruskiego 12, 00-468 Warszawa. (<em><u>Statut WTW \u00a7 14 pkt. 2, ppkt .4: <\/u>skre\u015blenie Uchwa\u0142\u0105 Zarz\u0105du Towarzystwa z powodu dwukrotnej, kolejnej nieusprawiedliwionej nieobecno\u015bci na Walnym Zebraniu Cz\u0142onk\u00f3w Towarzystwa).<\/em><br \/>\n&nbsp;<\/p>\n<div style=\"margin-top: 30px; margin-bottom: 30px; overflow: hidden;\">\n<div class=\"wpb_column vc_column_container vc_col-sm-3\">\n<div class=\"vc_column-inner\">\n<div class=\"wpb_wrapper\"><a style=\"text-transform: uppercase; text-align: center; padding: 10px; background-color: #0078ff; display: block; color: #fff; border-radius: 8px; padding-top: 23px; padding-bottom: 23px;\" href=\"https:\/\/wpserwis.cfolks.pl\/r2\/wp-content\/uploads\/2023\/05\/porzadek-zebrania-WZ-2023.pdf\">Porz\u0105dek<br \/>\nzebrania<\/a><\/div>\n<\/div>\n<\/div>\n<div class=\"wpb_column vc_column_container vc_col-sm-3\">\n<div class=\"vc_column-inner\">\n<div class=\"wpb_wrapper\"><a style=\"text-transform: uppercase; text-align: center; padding: 10px; background-color: #0078ff; display: block; color: #fff; border-radius: 8px; padding-top: 23px; padding-bottom: 23px;\" href=\"https:\/\/wpserwis.cfolks.pl\/r2\/wp-content\/uploads\/2023\/05\/zaproszenie-2023.pdf\">Zmiany<br \/>\nstatutowe<\/a><\/div>\n<\/div>\n<\/div>\n<div class=\"wpb_column vc_column_container vc_col-sm-3\">\n<div class=\"vc_column-inner\">\n<div class=\"wpb_wrapper\"><a style=\"text-transform: uppercase; text-align: center; padding: 10px; background-color: #0078ff; display: block; color: #fff; border-radius: 8px; padding-top: 23px; padding-bottom: 23px;\" href=\"https:\/\/wpserwis.cfolks.pl\/r2\/wp-content\/uploads\/2022\/09\/STATUT-WTW-.pdf\">Statut<br \/>\nWTW<\/a><\/div>\n<\/div>\n<\/div>\n<div class=\"wpb_column vc_column_container vc_col-sm-3\">\n<div class=\"vc_column-inner\">\n<div class=\"wpb_wrapper\"><a style=\"text-transform: uppercase; text-align: center; padding: 10px; background-color: #0078ff; display: block; color: #fff; border-radius: 8px; padding-top: 23px; padding-bottom: 23px;\" href=\"https:\/\/wpserwis.cfolks.pl\/r2\/wp-content\/uploads\/2023\/05\/regulamin_ke.pdf\">Regulamin KEiSCz<br \/>\n&#8211; projekt<\/a><\/div>\n<\/div>\n<\/div>\n<\/div>\n","protected":false},"excerpt":{"rendered":"<p>Zarz\u0105d Warszawskiego Towarzystwa Wio\u015blarskiego, wyznacza na dzie\u0144 24.06.2023r. Walne Zebranie Sprawozdawcze Cz\u0142onk\u00f3w WTW Warszawa. Walne Zebranie odb\u0119dzie si\u0119 w I &#8211; szym terminie o godz. 10:00 i w II-gim terminie o godz. 10:15 . Miejsce: Siedziba WTW przy ul. Wio\u015blarskiej 6 w Warszawie (parter) W przypadku nieobecno\u015bci na Walnym Zebraniu, przypominamy o konieczno\u015bci przekazania usprawiedliwienia [&hellip;]<\/p>\n","protected":false},"author":1,"featured_media":29624,"comment_status":"closed","ping_status":"closed","sticky":false,"template":"","format":"standard","meta":{"_acf_changed":false,"footnotes":""},"categories":[1],"tags":[],"class_list":["post-30633","post","type-post","status-publish","format-standard","has-post-thumbnail","hentry","category-bez-kategorii"],"acf":[],"_links":{"self":[{"href":"https:\/\/wpserwis.cfolks.pl\/r2\/wp-json\/wp\/v2\/posts\/30633","targetHints":{"allow":["GET"]}}],"collection":[{"href":"https:\/\/wpserwis.cfolks.pl\/r2\/wp-json\/wp\/v2\/posts"}],"about":[{"href":"https:\/\/wpserwis.cfolks.pl\/r2\/wp-json\/wp\/v2\/types\/post"}],"author":[{"embeddable":true,"href":"https:\/\/wpserwis.cfolks.pl\/r2\/wp-json\/wp\/v2\/users\/1"}],"replies":[{"embeddable":true,"href":"https:\/\/wpserwis.cfolks.pl\/r2\/wp-json\/wp\/v2\/comments?post=30633"}],"version-history":[{"count":0,"href":"https:\/\/wpserwis.cfolks.pl\/r2\/wp-json\/wp\/v2\/posts\/30633\/revisions"}],"wp:featuredmedia":[{"embeddable":true,"href":"https:\/\/wpserwis.cfolks.pl\/r2\/wp-json\/"}],"wp:attachment":[{"href":"https:\/\/wpserwis.cfolks.pl\/r2\/wp-json\/wp\/v2\/media?parent=30633"}],"wp:term":[{"taxonomy":"category","embeddable":true,"href":"https:\/\/wpserwis.cfolks.pl\/r2\/wp-json\/wp\/v2\/categories?post=30633"},{"taxonomy":"post_tag","embeddable":true,"href":"https:\/\/wpserwis.cfolks.pl\/r2\/wp-json\/wp\/v2\/tags?post=30633"}],"curies":[{"name":"wp","href":"https:\/\/api.w.org\/{rel}","templated":true}]}}