{"id":30639,"date":"2023-06-22T09:29:59","date_gmt":"2023-06-22T07:29:59","guid":{"rendered":"https:\/\/wtw.waw.pl\/?p=30639"},"modified":"2023-06-22T09:29:59","modified_gmt":"2023-06-22T07:29:59","slug":"kajakowe-mistrzostwa-warszawy-medale-wtw","status":"publish","type":"post","link":"https:\/\/wpserwis.cfolks.pl\/r2\/kajakowe-mistrzostwa-warszawy-medale-wtw\/","title":{"rendered":"KAJAKOWE MISTRZOSTWA WARSZAWY &#8211; MEDALE WTW"},"content":{"rendered":"<div class=\"x11i5rnm xat24cr x1mh8g0r x1vvkbs xtlvy1s x126k92a\">\n<div dir=\"auto\">W sobot\u0119 odby\u0142y si\u0119 Mistrzostwa Warszawy junior\u00f3w, junior\u00f3w m\u0142odszych, m\u0142odzik\u00f3w i dzieci. Nasi zawodnicy zdobyli medale w poni\u017cszych kategoriach przywie\u017ali medale.<\/div>\n<\/div>\n<div class=\"x11i5rnm xat24cr x1mh8g0r x1vvkbs xtlvy1s x126k92a\">\n<div dir=\"auto\">&nbsp;<\/div>\n<div dir=\"auto\">Na zdj\u0119ciu z\u0142oci medali\u015bci w kategorii m\u0142odzik\u00f3w \u0141ukasz (Rogowski i Kamil Dahan ) oraz w kategorii dzieci: srebrny medalista Wiktor Cruz-Koniak i br\u0105zowy medalista Jan Czy\u017cewicz.<\/div>\n<div dir=\"auto\">&nbsp;<\/div>\n<\/div>\n<div class=\"x11i5rnm xat24cr x1mh8g0r x1vvkbs xtlvy1s x126k92a\">\n<div dir=\"auto\">Ogromne gratulacje dla naszych m\u0142odych kajakarzy.<\/div>\n<\/div>\n<div dir=\"auto\">&nbsp;<\/div>\n<div dir=\"auto\">&nbsp;<\/div>\n<div dir=\"auto\"><a href=\"https:\/\/wpserwis.cfolks.pl\/r2\/wp-content\/uploads\/2023\/06\/355290059_640675591422632_3163761520222857688_n.jpg\"><img loading=\"lazy\" decoding=\"async\" class=\"alignnone size-full wp-image-30641\" src=\"https:\/\/wpserwis.cfolks.pl\/r2\/wp-content\/uploads\/2023\/06\/355290059_640675591422632_3163761520222857688_n.jpg\" alt=\"\" width=\"742\" height=\"430\"><\/a><\/div>\n<div dir=\"auto\">&nbsp;<\/div>\n<div dir=\"auto\">.<\/div>\n","protected":false},"excerpt":{"rendered":"<p>W sobot\u0119 odby\u0142y si\u0119 Mistrzostwa Warszawy junior\u00f3w, junior\u00f3w m\u0142odszych, m\u0142odzik\u00f3w i dzieci. Nasi zawodnicy zdobyli medale w poni\u017cszych kategoriach przywie\u017ali medale. &nbsp; Na zdj\u0119ciu z\u0142oci medali\u015bci w kategorii m\u0142odzik\u00f3w \u0141ukasz (Rogowski i Kamil Dahan ) oraz w kategorii dzieci: srebrny medalista Wiktor Cruz-Koniak i br\u0105zowy medalista Jan Czy\u017cewicz. &nbsp; Ogromne gratulacje dla naszych m\u0142odych kajakarzy. [&hellip;]<\/p>\n","protected":false},"author":1,"featured_media":30640,"comment_status":"closed","ping_status":"closed","sticky":false,"template":"","format":"standard","meta":{"_acf_changed":false,"footnotes":""},"categories":[1],"tags":[],"class_list":["post-30639","post","type-post","status-publish","format-standard","has-post-thumbnail","hentry","category-bez-kategorii"],"acf":[],"_links":{"self":[{"href":"https:\/\/wpserwis.cfolks.pl\/r2\/wp-json\/wp\/v2\/posts\/30639","targetHints":{"allow":["GET"]}}],"collection":[{"href":"https:\/\/wpserwis.cfolks.pl\/r2\/wp-json\/wp\/v2\/posts"}],"about":[{"href":"https:\/\/wpserwis.cfolks.pl\/r2\/wp-json\/wp\/v2\/types\/post"}],"author":[{"embeddable":true,"href":"https:\/\/wpserwis.cfolks.pl\/r2\/wp-json\/wp\/v2\/users\/1"}],"replies":[{"embeddable":true,"href":"https:\/\/wpserwis.cfolks.pl\/r2\/wp-json\/wp\/v2\/comments?post=30639"}],"version-history":[{"count":0,"href":"https:\/\/wpserwis.cfolks.pl\/r2\/wp-json\/wp\/v2\/posts\/30639\/revisions"}],"wp:featuredmedia":[{"embeddable":true,"href":"https:\/\/wpserwis.cfolks.pl\/r2\/wp-json\/"}],"wp:attachment":[{"href":"https:\/\/wpserwis.cfolks.pl\/r2\/wp-json\/wp\/v2\/media?parent=30639"}],"wp:term":[{"taxonomy":"category","embeddable":true,"href":"https:\/\/wpserwis.cfolks.pl\/r2\/wp-json\/wp\/v2\/categories?post=30639"},{"taxonomy":"post_tag","embeddable":true,"href":"https:\/\/wpserwis.cfolks.pl\/r2\/wp-json\/wp\/v2\/tags?post=30639"}],"curies":[{"name":"wp","href":"https:\/\/api.w.org\/{rel}","templated":true}]}}