{"id":30643,"date":"2023-06-22T10:23:29","date_gmt":"2023-06-22T08:23:29","guid":{"rendered":"https:\/\/wtw.waw.pl\/?p=30643"},"modified":"2023-06-22T10:23:29","modified_gmt":"2023-06-22T08:23:29","slug":"30643-2","status":"publish","type":"post","link":"https:\/\/wpserwis.cfolks.pl\/r2\/30643-2\/","title":{"rendered":"&#8217;B\u0104D\u0179 AKTYWNY&#8221; &#8211; WSP\u00d3\u0141PRACA Z POLSKIM KOMITETEM PARALIMPIJSKIM"},"content":{"rendered":"<div class=\"xdj266r x11i5rnm xat24cr x1mh8g0r x1vvkbs x126k92a\">\n<div dir=\"auto\">Bardzo nam mi\u0142o poinformowa\u0107, \u017ce w czerwcu ruszyli\u015bmy z kolejn\u0105 edycj\u0105 programu \u201eB\u0105d\u017a Aktywny\u201d w ramach umowy z Polskim Komitetem Paralimpijskim.<\/div>\n<div dir=\"auto\">&nbsp;<\/div>\n<div dir=\"auto\">Planowany czas trwania programu &#8211; trzy lata.<\/div>\n<div dir=\"auto\">&nbsp;<\/div>\n<div dir=\"auto\">W tym czasie prowadzi\u0107 b\u0119dziemy wio\u015blarsk\u0105 grupy os\u00f3b niepe\u0142nosprawnych. Obecnie pierwsz\u0105 grup\u0119 stanowi\u0105 dzieci ze specjalnego O\u015brodka Szkolno-Wychowawczego nr 8 dla Dzieci S\u0142abowidz\u0105cych w Warszawie przy ul. Rzymowskiego 36.<\/div>\n<div dir=\"auto\">&nbsp;<\/div>\n<div dir=\"auto\">Treningi prowadzone s\u0105 przez trener\u00f3w: Sylwi\u0119 Kocerk\u0119 ( dwukrotn\u0105 Olimpijk\u0119, br\u0105zow\u0105 medalistk\u0119 Mistrzostw \u015awiata z W4x) oraz nauczyciela wychowania fizycznego Pana Micha\u0142a Hetma\u0144czyka.<\/div>\n<\/div>\n<div class=\"x11i5rnm xat24cr x1mh8g0r x1vvkbs xtlvy1s x126k92a\">\n<div dir=\"auto\">&nbsp;<\/div>\n<div dir=\"auto\">B\u0119dziemy d\u0105\u017cyli r\u00f3wnie\u017c do tworzenia w miar\u0119 mo\u017cliwo\u015bci nowych grup w kolejnych etapach trwania programu.<\/div>\n<div dir=\"auto\">Wszystkich zainteresowanych wsp\u00f3\u0142prac\u0105, prosimy o kontakt: wtw@wtw.waw.pl<\/div>\n<div dir=\"auto\">&nbsp;<\/div>\n<div dir=\"auto\">Wszystkim \u017cyczymy udanych trening\u00f3w<span class=\"x3nfvp2 x1j61x8r x1fcty0u xdj266r xhhsvwb xat24cr xgzva0m xxymvpz xlup9mm x1kky2od\">.<\/span><\/div>\n<\/div>\n<div dir=\"auto\">&nbsp;<\/div>\n<div dir=\"auto\">&nbsp;<\/div>\n<div dir=\"auto\"><a href=\"https:\/\/wpserwis.cfolks.pl\/r2\/wp-content\/uploads\/2023\/06\/355463847_641218848034973_7685730924690845755_n.jpg\"><img loading=\"lazy\" decoding=\"async\" class=\"alignnone wp-image-30647 size-medium\" src=\"https:\/\/wpserwis.cfolks.pl\/r2\/wp-content\/uploads\/2023\/06\/355463847_641218848034973_7685730924690845755_n-300x157.jpg\" alt=\"\" width=\"300\" height=\"157\"><\/a> <a href=\"https:\/\/wpserwis.cfolks.pl\/r2\/wp-content\/uploads\/2023\/06\/355446277_641218844701640_8338892730849453698_n.jpg\"><img loading=\"lazy\" decoding=\"async\" class=\"alignnone wp-image-30648 size-medium\" src=\"https:\/\/wpserwis.cfolks.pl\/r2\/wp-content\/uploads\/2023\/06\/355446277_641218844701640_8338892730849453698_n-300x157.jpg\" alt=\"\" width=\"300\" height=\"157\"><\/a><\/div>\n<div dir=\"auto\">&nbsp;<\/div>\n<div dir=\"auto\">.<\/div>\n","protected":false},"excerpt":{"rendered":"<p>Bardzo nam mi\u0142o poinformowa\u0107, \u017ce w czerwcu ruszyli\u015bmy z kolejn\u0105 edycj\u0105 programu \u201eB\u0105d\u017a Aktywny\u201d w ramach umowy z Polskim Komitetem Paralimpijskim. &nbsp; Planowany czas trwania programu &#8211; trzy lata. &nbsp; W tym czasie prowadzi\u0107 b\u0119dziemy wio\u015blarsk\u0105 grupy os\u00f3b niepe\u0142nosprawnych. Obecnie pierwsz\u0105 grup\u0119 stanowi\u0105 dzieci ze specjalnego O\u015brodka Szkolno-Wychowawczego nr 8 dla Dzieci S\u0142abowidz\u0105cych w Warszawie [&hellip;]<\/p>\n","protected":false},"author":1,"featured_media":34251,"comment_status":"closed","ping_status":"closed","sticky":false,"template":"","format":"standard","meta":{"_acf_changed":false,"footnotes":""},"categories":[1],"tags":[],"class_list":["post-30643","post","type-post","status-publish","format-standard","has-post-thumbnail","hentry","category-bez-kategorii"],"acf":[],"_links":{"self":[{"href":"https:\/\/wpserwis.cfolks.pl\/r2\/wp-json\/wp\/v2\/posts\/30643","targetHints":{"allow":["GET"]}}],"collection":[{"href":"https:\/\/wpserwis.cfolks.pl\/r2\/wp-json\/wp\/v2\/posts"}],"about":[{"href":"https:\/\/wpserwis.cfolks.pl\/r2\/wp-json\/wp\/v2\/types\/post"}],"author":[{"embeddable":true,"href":"https:\/\/wpserwis.cfolks.pl\/r2\/wp-json\/wp\/v2\/users\/1"}],"replies":[{"embeddable":true,"href":"https:\/\/wpserwis.cfolks.pl\/r2\/wp-json\/wp\/v2\/comments?post=30643"}],"version-history":[{"count":0,"href":"https:\/\/wpserwis.cfolks.pl\/r2\/wp-json\/wp\/v2\/posts\/30643\/revisions"}],"wp:featuredmedia":[{"embeddable":true,"href":"https:\/\/wpserwis.cfolks.pl\/r2\/wp-json\/"}],"wp:attachment":[{"href":"https:\/\/wpserwis.cfolks.pl\/r2\/wp-json\/wp\/v2\/media?parent=30643"}],"wp:term":[{"taxonomy":"category","embeddable":true,"href":"https:\/\/wpserwis.cfolks.pl\/r2\/wp-json\/wp\/v2\/categories?post=30643"},{"taxonomy":"post_tag","embeddable":true,"href":"https:\/\/wpserwis.cfolks.pl\/r2\/wp-json\/wp\/v2\/tags?post=30643"}],"curies":[{"name":"wp","href":"https:\/\/api.w.org\/{rel}","templated":true}]}}