{"id":30691,"date":"2023-07-24T09:29:55","date_gmt":"2023-07-24T07:29:55","guid":{"rendered":"https:\/\/wtw.waw.pl\/?p=30691"},"modified":"2023-07-24T09:29:55","modified_gmt":"2023-07-24T07:29:55","slug":"konrad-domanski-mlodziezowym-wicemistrzem-swiata","status":"publish","type":"post","link":"https:\/\/wpserwis.cfolks.pl\/r2\/konrad-domanski-mlodziezowym-wicemistrzem-swiata\/","title":{"rendered":"KONRAD DOMA\u0143SKI M\u0141ODZIE\u017bOWYM WICEMISTRZEM \u015aWIATA !"},"content":{"rendered":"<p>Rany boskie, co to by\u0142o za niedzielne przedpo\u0142udnie &#8230; Kosmiczne informacje nap\u0142ywa\u0142y do nas ze s\u0142owe\u0144skiego Bled, gdzie na torze regatowym od pi\u0105tku odbywa\u0142y si\u0119 wio\u015blarskie M\u0142odzie\u017cowe Mistrzostwa \u015awiata. To, \u017ce mo\u017ce by\u0107 dobrze czuli\u015bmy podsk\u00f3rnie od samego pocz\u0105tku, ale \u017ce a\u017c tak &#8230; ?!<\/p>\n<p>Nasz wychowanek, Konrad Doma\u0144ski startuj\u0105cy na dw\u00f3jce podw\u00f3jnej z Jakubem Wo\u017aniakiem (KW04 Pozna\u0144) zdoby\u0142 wicemistrzostwo \u015bwiata, przechodz\u0105c jak pocisk przez przedbieg, p\u00f3\u0142fina\u0142 oraz fina\u0142.<\/p>\n<p>Polska dw\u00f3jka uzna\u0107 musia\u0142a wy\u017cszo\u015b\u0107 tylko osadzie z Irlandii.<\/p>\n<p>Konrad wielkie gratulacje, zas\u0142u\u017cy\u0142e\u015b na ten sukces !<\/p>\n<p>&nbsp;<\/p>\n<p><a href=\"https:\/\/wpserwis.cfolks.pl\/r2\/wp-content\/uploads\/2023\/07\/FA_BM2x.png\"><img loading=\"lazy\" decoding=\"async\" class=\"alignnone wp-image-30692 size-medium\" src=\"https:\/\/wpserwis.cfolks.pl\/r2\/wp-content\/uploads\/2023\/07\/FA_BM2x-300x207.png\" alt=\"\" width=\"300\" height=\"207\"><\/a><a href=\"https:\/\/wpserwis.cfolks.pl\/r2\/wp-content\/uploads\/2023\/07\/IMG_2877.jpg\"><img loading=\"lazy\" decoding=\"async\" class=\"alignnone wp-image-30693 size-medium\" src=\"https:\/\/wpserwis.cfolks.pl\/r2\/wp-content\/uploads\/2023\/07\/IMG_2877-300x169.jpg\" alt=\"\" width=\"300\" height=\"169\"><\/a><\/p>\n<p>&nbsp;<\/p>\n","protected":false},"excerpt":{"rendered":"<p>Rany boskie, co to by\u0142o za niedzielne przedpo\u0142udnie &#8230; Kosmiczne informacje nap\u0142ywa\u0142y do nas ze s\u0142owe\u0144skiego Bled, gdzie na torze regatowym od pi\u0105tku odbywa\u0142y si\u0119 wio\u015blarskie M\u0142odzie\u017cowe Mistrzostwa \u015awiata. To, \u017ce mo\u017ce by\u0107 dobrze czuli\u015bmy podsk\u00f3rnie od samego pocz\u0105tku, ale \u017ce a\u017c tak &#8230; ?! Nasz wychowanek, Konrad Doma\u0144ski startuj\u0105cy na dw\u00f3jce podw\u00f3jnej z Jakubem [&hellip;]<\/p>\n","protected":false},"author":1,"featured_media":30694,"comment_status":"closed","ping_status":"closed","sticky":false,"template":"","format":"standard","meta":{"_acf_changed":false,"footnotes":""},"categories":[1],"tags":[],"class_list":["post-30691","post","type-post","status-publish","format-standard","has-post-thumbnail","hentry","category-bez-kategorii"],"acf":[],"_links":{"self":[{"href":"https:\/\/wpserwis.cfolks.pl\/r2\/wp-json\/wp\/v2\/posts\/30691","targetHints":{"allow":["GET"]}}],"collection":[{"href":"https:\/\/wpserwis.cfolks.pl\/r2\/wp-json\/wp\/v2\/posts"}],"about":[{"href":"https:\/\/wpserwis.cfolks.pl\/r2\/wp-json\/wp\/v2\/types\/post"}],"author":[{"embeddable":true,"href":"https:\/\/wpserwis.cfolks.pl\/r2\/wp-json\/wp\/v2\/users\/1"}],"replies":[{"embeddable":true,"href":"https:\/\/wpserwis.cfolks.pl\/r2\/wp-json\/wp\/v2\/comments?post=30691"}],"version-history":[{"count":0,"href":"https:\/\/wpserwis.cfolks.pl\/r2\/wp-json\/wp\/v2\/posts\/30691\/revisions"}],"wp:featuredmedia":[{"embeddable":true,"href":"https:\/\/wpserwis.cfolks.pl\/r2\/wp-json\/"}],"wp:attachment":[{"href":"https:\/\/wpserwis.cfolks.pl\/r2\/wp-json\/wp\/v2\/media?parent=30691"}],"wp:term":[{"taxonomy":"category","embeddable":true,"href":"https:\/\/wpserwis.cfolks.pl\/r2\/wp-json\/wp\/v2\/categories?post=30691"},{"taxonomy":"post_tag","embeddable":true,"href":"https:\/\/wpserwis.cfolks.pl\/r2\/wp-json\/wp\/v2\/tags?post=30691"}],"curies":[{"name":"wp","href":"https:\/\/api.w.org\/{rel}","templated":true}]}}