{"id":30708,"date":"2023-07-24T08:45:32","date_gmt":"2023-07-24T06:45:32","guid":{"rendered":"https:\/\/wtw.waw.pl\/?p=30708"},"modified":"2023-07-24T08:45:32","modified_gmt":"2023-07-24T06:45:32","slug":"ogolnopolska-olimpiada-mlodziezy-brazowy-medal-dwojki-bez-sternika","status":"publish","type":"post","link":"https:\/\/wpserwis.cfolks.pl\/r2\/ogolnopolska-olimpiada-mlodziezy-brazowy-medal-dwojki-bez-sternika\/","title":{"rendered":"OG\u00d3LNOPOLSKA OLIMPIADA M\u0141ODZIE\u017bY &#8211; BR\u0104ZOWY MEDAL DW\u00d3JKI BEZ STERNIKA"},"content":{"rendered":"<p>W miniony weekend na torze regatowym w Kruszwicy, odbywa\u0142a si\u0119 Og\u00f3lnopolska Olimpiada M\u0142odzie\u017cy w wio\u015blarstwie.<\/p>\n<p>Bardzo dobrze wypadli podopieczni trenera Dominika Brodziaka na dw\u00f3jce bez sternika m\u0119\u017cczyzn. Piotr Wysocki i Bartosz Matusiak zdobyli br\u0105zowy medal.<\/p>\n<div class=\"x1h91t0o xkh2ocl x78zum5 xdt5ytf x13a6bvl xcrg951 x1r145dm\" role=\"none\">\n<div class=\"x78zum5 xh8yej3\" role=\"none\">\n<div class=\"x1cy8zhl x78zum5 xdt5ytf x193iq5w x1n2onr6\">\n<div class=\"x78zum5 xh8yej3\" role=\"none\">\n<div class=\"x1tlxs6b x1g8br2z x1gn5b1j x230xth x14ctfv x1okitfd x6ikm8r x10wlt62 x1mzt3pk x1y1aw1k xn6708d xwib8y2 x1ye3gou x1n2onr6 x13faqbe x1vjfegm\" role=\"none\">\n<div class=\"x9f619 x1n2onr6 x1ja2u2z __fb-light-mode\" role=\"none\">\n<div class=\"x6prxxf x1fc57z9 x1yc453h x126k92a xzsf02u\" dir=\"auto\" role=\"none\">Grupa juniorek m\u0142odszych zaj\u0119\u0142a 6 miejsce na osadzie 4x+ (Gabriela Ko\u0142akowska, El\u017cbieta Farrell, Pola \u017bytomirska, Weronika K\u0142os i ster Nina Aniserowicz).<\/div>\n<\/div>\n<\/div>\n<\/div>\n<\/div>\n<\/div>\n<\/div>\n<p>Trenerom oraz zawodnikom, serdecznie gratulujemy.<\/p>\n<p>WTW w klasyfikacji generalnej OOM, zaj\u0119\u0142o 19 miejsce.<\/p>\n","protected":false},"excerpt":{"rendered":"<p>W miniony weekend na torze regatowym w Kruszwicy, odbywa\u0142a si\u0119 Og\u00f3lnopolska Olimpiada M\u0142odzie\u017cy w wio\u015blarstwie. Bardzo dobrze wypadli podopieczni trenera Dominika Brodziaka na dw\u00f3jce bez sternika m\u0119\u017cczyzn. Piotr Wysocki i Bartosz Matusiak zdobyli br\u0105zowy medal. Grupa juniorek m\u0142odszych zaj\u0119\u0142a 6 miejsce na osadzie 4x+ (Gabriela Ko\u0142akowska, El\u017cbieta Farrell, Pola \u017bytomirska, Weronika K\u0142os i ster Nina [&hellip;]<\/p>\n","protected":false},"author":1,"featured_media":30709,"comment_status":"closed","ping_status":"closed","sticky":false,"template":"","format":"standard","meta":{"_acf_changed":false,"footnotes":""},"categories":[1],"tags":[],"class_list":["post-30708","post","type-post","status-publish","format-standard","has-post-thumbnail","hentry","category-bez-kategorii"],"acf":[],"_links":{"self":[{"href":"https:\/\/wpserwis.cfolks.pl\/r2\/wp-json\/wp\/v2\/posts\/30708","targetHints":{"allow":["GET"]}}],"collection":[{"href":"https:\/\/wpserwis.cfolks.pl\/r2\/wp-json\/wp\/v2\/posts"}],"about":[{"href":"https:\/\/wpserwis.cfolks.pl\/r2\/wp-json\/wp\/v2\/types\/post"}],"author":[{"embeddable":true,"href":"https:\/\/wpserwis.cfolks.pl\/r2\/wp-json\/wp\/v2\/users\/1"}],"replies":[{"embeddable":true,"href":"https:\/\/wpserwis.cfolks.pl\/r2\/wp-json\/wp\/v2\/comments?post=30708"}],"version-history":[{"count":0,"href":"https:\/\/wpserwis.cfolks.pl\/r2\/wp-json\/wp\/v2\/posts\/30708\/revisions"}],"wp:featuredmedia":[{"embeddable":true,"href":"https:\/\/wpserwis.cfolks.pl\/r2\/wp-json\/"}],"wp:attachment":[{"href":"https:\/\/wpserwis.cfolks.pl\/r2\/wp-json\/wp\/v2\/media?parent=30708"}],"wp:term":[{"taxonomy":"category","embeddable":true,"href":"https:\/\/wpserwis.cfolks.pl\/r2\/wp-json\/wp\/v2\/categories?post=30708"},{"taxonomy":"post_tag","embeddable":true,"href":"https:\/\/wpserwis.cfolks.pl\/r2\/wp-json\/wp\/v2\/tags?post=30708"}],"curies":[{"name":"wp","href":"https:\/\/api.w.org\/{rel}","templated":true}]}}