{"id":30829,"date":"2023-08-02T09:15:50","date_gmt":"2023-08-02T07:15:50","guid":{"rendered":"https:\/\/wtw.waw.pl\/?p=30829"},"modified":"2023-08-02T09:15:50","modified_gmt":"2023-08-02T07:15:50","slug":"wioslarski-tytan-warszawy-edycja-9","status":"publish","type":"post","link":"https:\/\/wpserwis.cfolks.pl\/r2\/wioslarski-tytan-warszawy-edycja-9\/","title":{"rendered":"WIO\u015aLARSKI TYTAN WARSZAWY &#8211; EDYCJA #9"},"content":{"rendered":"<div class=\"x11i5rnm xat24cr x1mh8g0r x1vvkbs xtlvy1s x126k92a\">\n<div dir=\"auto\">Lato i wakacje w pe\u0142ni. Mo\u017cna by powiedzie\u0107 czas urlopowy &#8211; czas og\u00f3rkowy. Nie dla naszego biura, kt\u00f3re od d\u0142ugich tygodni systematycznie wchodzi w stan wzmo\u017conej pracy zwi\u0105zanej z przygotowaniem 9 edycji zawod\u00f3w Wio\u015blarskiego Tytana Warszawy. Ju\u017c pod koniec ubieg\u0142ego roku rozpocz\u0119li\u015bmy pierwsze dzia\u0142ania z Tytanem, sk\u0142adaj\u0105c wnioski konkursowe do dzielnic. Konkursy zosta\u0142y rozstrzygni\u0119te w pierwszym kwartale 2023r., mo\u017cna powiedzie\u0107 &#8211; po naszej my\u015bli &#8211; no mo\u017ce za wyj\u0105tkiem dzielnicy \u015ar\u00f3dmie\u015bcie, kt\u00f3ra w tym roku nie chcia\u0142a podj\u0105\u0107 wsp\u00f3\u0142pracy&#8230;<\/div>\n<div dir=\"auto\">Mimo to i tak b\u0119dziemy tam obecni \ud83d\ude42<\/div>\n<\/div>\n<div dir=\"auto\">&nbsp;<\/div>\n<div dir=\"auto\">Tak wi\u0119c, szanowni Pa\u0144stwo &#8211; bardzo nam mi\u0142o poinformowa\u0107, \u017ce najwi\u0119ksza wio\u015blarska impreza dla dzieci i m\u0142odzie\u017cy w Polsce, rusza ju\u017c 20 wrze\u015bnia w dzielnicy Bemowo (hala OSiR ul. Obro\u0144c\u00f3w Tobruku 40).<\/div>\n<div dir=\"auto\">W tym roku, zaplanowali\u015bmy ustanowienie nowego rekordu &#8211; wios\u0142owa\u0107 b\u0119dziemy w a\u017c 13 dzielnicach Warszawy.<\/div>\n<div dir=\"auto\">14-tymi zawodami b\u0119dzie Wielki Fina\u0142, kt\u00f3ry odb\u0119dzie si\u0119 w dniu 13 grudnia, a gospodarzem b\u0119dzie OSiR Mokot\u00f3w (ul. Niegoci\u0144ska 2A).<\/div>\n<div dir=\"auto\">&nbsp;<\/div>\n<div dir=\"auto\">Pe\u0142ny kalendarz #9 edycji Tytana, przedstawia poni\u017cej za\u0142\u0105czona grafika.<\/div>\n<div dir=\"auto\">&nbsp;<\/div>\n<div dir=\"auto\">W tym roku, WTW Warszawa wesz\u0142o we wsp\u00f3\u0142prac\u0119 z jedn\u0105 z najwi\u0119kszych firm w Polsce zajmuj\u0105cej si\u0119 reklam\u0105 outdoor, firm\u0105 AMS.<\/div>\n<div dir=\"auto\">Dzi\u0119ki tej wsp\u00f3\u0142pracy, we wrze\u015bniu i pa\u017adzierniku ruszy kampania promocyjna Tytana. Nasze olbrzymie plakaty, b\u0119d\u0105 obecne na kilkudziesi\u0119ciu warszawskich przystankach (City Light). Poni\u017cej wizualizacja takiego przystanku i plakatu.<\/div>\n<div dir=\"auto\">&nbsp;<\/div>\n<div dir=\"auto\">To nie koniec dzia\u0142a\u0144 promocyjnych WTW zwi\u0105zanych ze wsp\u00f3\u0142prac\u0105 z firm\u0105 AMS, ale o tym niebawem.<\/div>\n<div dir=\"auto\">&nbsp;<\/div>\n<div dir=\"auto\">Wszystkie informacje znajdowa\u0107 si\u0119 b\u0119d\u0105 na:<\/div>\n<div dir=\"auto\">[button size=&apos;&apos; style=&apos;&apos; text=&apos;STRONA TYTANA&apos; icon=&apos;&apos; icon_color=&apos;&apos; link=&apos;https:\/\/wpserwis.cfolks.pl\/r2\/tytan\/\u00a0&apos; target=&apos;_self&apos; color=&apos;&apos; hover_color=&apos;&apos; border_color=&apos;&apos; hover_border_color=&apos;&apos; background_color=&apos;&apos; hover_background_color=&apos;&apos; font_style=&apos;&apos; font_weight=&apos;&apos; text_align=&apos;&apos; margin=&apos;&apos;]<\/div>\n<div dir=\"auto\">&nbsp;<\/div>\n<div dir=\"auto\">[button size=&#8221; style=&#8221; text=&#8217;FACEBOOK TYTANA&#8217; icon=&#8221; icon_color=&#8221; link=&#8217;https:\/\/www.facebook.com\/Tytan2014&#8242; target=&#8217;_self&#8217; color=&#8221; hover_color=&#8221; border_color=&#8221; hover_border_color=&#8221; background_color=&#8221; hover_background_color=&#8221; font_style=&#8221; font_weight=&#8221; text_align=&#8221; margin=&#8221;]<\/div>\n<div dir=\"auto\">&nbsp;<\/div>\n<div dir=\"auto\">W zasadzie od teraz uruchamiamy mo\u017cliwo\u015b\u0107 przesy\u0142ania do nas zg\u0142osze\u0144 na zawody, pod specjalnie stworzonym adresem mailowym: <a href=\"mailto:TYTAN@WTW.WAW.PL\"><span style=\"color: #0000ff;\"><strong>TYTAN@WTW.WAW.PL<\/strong><\/span><\/a><\/div>\n<div dir=\"auto\">&nbsp;<\/div>\n<div dir=\"auto\">W razie pyta\u0144, dzwo\u0144cie, piszcie. Jeste\u015bmy do Waszej dyspozycji. Widzimy si\u0119 ju\u017c 20.09 na Bemowi, a potem praktycznie co \u015broda kolejne zawody i tak do grudnia !<\/div>\n<div dir=\"auto\">&nbsp;<\/div>\n<div dir=\"auto\">&nbsp;<\/div>\n<div dir=\"auto\"><a href=\"https:\/\/wpserwis.cfolks.pl\/r2\/wp-content\/uploads\/2023\/08\/kalendarz.jpg\"><img loading=\"lazy\" decoding=\"async\" class=\"alignnone wp-image-30831 size-large\" src=\"https:\/\/wpserwis.cfolks.pl\/r2\/wp-content\/uploads\/2023\/08\/kalendarz-1024x576.jpg\" alt=\"\" width=\"1024\" height=\"576\"><\/a><a href=\"https:\/\/wpserwis.cfolks.pl\/r2\/wp-content\/uploads\/2023\/07\/plakat-Tytan-4-2023.jpeg\">&nbsp; <\/a><\/div>\n<div dir=\"auto\"><a href=\"https:\/\/wpserwis.cfolks.pl\/r2\/wp-content\/uploads\/2023\/08\/wizualizacja-przystanek.png\"><img loading=\"lazy\" decoding=\"async\" class=\"alignnone wp-image-30833 size-large\" src=\"https:\/\/wpserwis.cfolks.pl\/r2\/wp-content\/uploads\/2023\/08\/wizualizacja-przystanek-1024x682.png\" alt=\"\" width=\"1024\" height=\"682\"><\/a><\/div>\n<div dir=\"auto\">&nbsp;<\/div>\n<div class=\"x11i5rnm xat24cr x1mh8g0r x1vvkbs xtlvy1s x126k92a\">&nbsp;<\/div>\n<div class=\"x11i5rnm xat24cr x1mh8g0r x1vvkbs xtlvy1s x126k92a\">\n<div dir=\"auto\">&nbsp;<\/div>\n<\/div>\n","protected":false},"excerpt":{"rendered":"<p>Lato i wakacje w pe\u0142ni. Mo\u017cna by powiedzie\u0107 czas urlopowy &#8211; czas og\u00f3rkowy. Nie dla naszego biura, kt\u00f3re od d\u0142ugich tygodni systematycznie wchodzi w stan wzmo\u017conej pracy zwi\u0105zanej z przygotowaniem 9 edycji zawod\u00f3w Wio\u015blarskiego Tytana Warszawy. Ju\u017c pod koniec ubieg\u0142ego roku rozpocz\u0119li\u015bmy pierwsze dzia\u0142ania z Tytanem, sk\u0142adaj\u0105c wnioski konkursowe do dzielnic. Konkursy zosta\u0142y rozstrzygni\u0119te w [&hellip;]<\/p>\n","protected":false},"author":1,"featured_media":30811,"comment_status":"closed","ping_status":"closed","sticky":false,"template":"","format":"standard","meta":{"_acf_changed":false,"footnotes":""},"categories":[1,13],"tags":[],"class_list":["post-30829","post","type-post","status-publish","format-standard","has-post-thumbnail","hentry","category-bez-kategorii","category-tytan"],"acf":[],"_links":{"self":[{"href":"https:\/\/wpserwis.cfolks.pl\/r2\/wp-json\/wp\/v2\/posts\/30829","targetHints":{"allow":["GET"]}}],"collection":[{"href":"https:\/\/wpserwis.cfolks.pl\/r2\/wp-json\/wp\/v2\/posts"}],"about":[{"href":"https:\/\/wpserwis.cfolks.pl\/r2\/wp-json\/wp\/v2\/types\/post"}],"author":[{"embeddable":true,"href":"https:\/\/wpserwis.cfolks.pl\/r2\/wp-json\/wp\/v2\/users\/1"}],"replies":[{"embeddable":true,"href":"https:\/\/wpserwis.cfolks.pl\/r2\/wp-json\/wp\/v2\/comments?post=30829"}],"version-history":[{"count":0,"href":"https:\/\/wpserwis.cfolks.pl\/r2\/wp-json\/wp\/v2\/posts\/30829\/revisions"}],"wp:featuredmedia":[{"embeddable":true,"href":"https:\/\/wpserwis.cfolks.pl\/r2\/wp-json\/"}],"wp:attachment":[{"href":"https:\/\/wpserwis.cfolks.pl\/r2\/wp-json\/wp\/v2\/media?parent=30829"}],"wp:term":[{"taxonomy":"category","embeddable":true,"href":"https:\/\/wpserwis.cfolks.pl\/r2\/wp-json\/wp\/v2\/categories?post=30829"},{"taxonomy":"post_tag","embeddable":true,"href":"https:\/\/wpserwis.cfolks.pl\/r2\/wp-json\/wp\/v2\/tags?post=30829"}],"curies":[{"name":"wp","href":"https:\/\/api.w.org\/{rel}","templated":true}]}}