{"id":30841,"date":"2023-08-04T11:25:24","date_gmt":"2023-08-04T09:25:24","guid":{"rendered":"https:\/\/wtw.waw.pl\/?p=30841"},"modified":"2023-08-04T11:25:24","modified_gmt":"2023-08-04T09:25:24","slug":"spotkanie-z-medalistami-mistrzostw-swiata","status":"publish","type":"post","link":"https:\/\/wpserwis.cfolks.pl\/r2\/spotkanie-z-medalistami-mistrzostw-swiata\/","title":{"rendered":"SPOTKANIE Z MEDALISTAMI MISTRZOSTW \u015aWIATA"},"content":{"rendered":"<div class=\"xdj266r x11i5rnm xat24cr x1mh8g0r x1vvkbs x126k92a\">\n<div dir=\"auto\">W dniu wczorajszym, w siedzibie WTW przy ul.&nbsp; Wio\u015blarskiej 6, odby\u0142o si\u0119 spotkanie z naszymi medalistami M\u0142odzie\u017cowych Mistrzostw \u015awiata. Przypomnijmy, \u017ce nieca\u0142e 2 tygodnie temu nasi wychowankowie Piotr P\u0142omi\u0144ski i Konrad Doma\u0144ski, zdobyli z\u0142oty i srebrny medal M\u0142odzie\u017cowych Mistrzostw \u015awiata, kt\u00f3re odby\u0142y si\u0119 w Plovdiv w Bu\u0142garii.<\/div>\n<div dir=\"auto\">&nbsp;<\/div>\n<div dir=\"auto\">Obydwaj zawodnicy ju\u017c w pi\u0105tek wyje\u017cd\u017caj\u0105 do Wa\u0142cza, by (!UWAGA !) za nieca\u0142y miesi\u0105c stoczy\u0107 walk\u0119 o kwalifikacj\u0119 olimpijsk\u0105 w kategorii M2x na Mistrzostwach \u015awiata Senior\u00f3w, kt\u00f3re w tym roku odb\u0119d\u0105 si\u0119 w Belgradzie (Serbia).<\/div>\n<div dir=\"auto\">&nbsp;<\/div>\n<\/div>\n<div class=\"x11i5rnm xat24cr x1mh8g0r x1vvkbs xtlvy1s x126k92a\">\n<div dir=\"auto\">Tak, to ju\u017c oficjalne! To absolutnie wiadomo\u015b\u0107 miesi\u0105ca !<\/div>\n<div dir=\"auto\">Nasz klubowy debel b\u0119dzie rywalizowa\u0107 o miejsce 1-11 (daj\u0105ce kwalifikacj\u0119 olimpijsk\u0105 do Pary\u017ca)&nbsp;.<\/div>\n<div dir=\"auto\">&nbsp;<\/div>\n<div dir=\"auto\">Trzymamy mocno kciuki za owocne przygotowania. Du\u017co zdrowia. Jeste\u015bmy DUMNI na MAXA. R\u00f3bcie swoje, a b\u0119dzie dobrze.<\/div>\n<div dir=\"auto\">&nbsp;<\/div>\n<\/div>\n<div dir=\"auto\"><a href=\"https:\/\/wpserwis.cfolks.pl\/r2\/wp-content\/uploads\/2023\/08\/363024736_665776905579167_1518140951500933041_n.jpg\"><img loading=\"lazy\" decoding=\"async\" class=\"alignnone wp-image-30842 size-medium\" src=\"https:\/\/wpserwis.cfolks.pl\/r2\/wp-content\/uploads\/2023\/08\/363024736_665776905579167_1518140951500933041_n-300x225.jpg\" alt=\"\" width=\"300\" height=\"225\"><\/a> <a href=\"https:\/\/wpserwis.cfolks.pl\/r2\/wp-content\/uploads\/2023\/08\/362700206_665776812245843_7711102020627105204_n.jpg\"><img loading=\"lazy\" decoding=\"async\" class=\"alignnone wp-image-30843 size-medium\" src=\"https:\/\/wpserwis.cfolks.pl\/r2\/wp-content\/uploads\/2023\/08\/362700206_665776812245843_7711102020627105204_n-300x225.jpg\" alt=\"\" width=\"300\" height=\"225\"><\/a> <a href=\"https:\/\/wpserwis.cfolks.pl\/r2\/wp-content\/uploads\/2023\/08\/362694415_665776775579180_7067046538996939958_n.jpg\"><img loading=\"lazy\" decoding=\"async\" class=\"alignnone wp-image-30844 size-medium\" src=\"https:\/\/wpserwis.cfolks.pl\/r2\/wp-content\/uploads\/2023\/08\/362694415_665776775579180_7067046538996939958_n-300x225.jpg\" alt=\"\" width=\"300\" height=\"225\"><\/a> <a href=\"https:\/\/wpserwis.cfolks.pl\/r2\/wp-content\/uploads\/2023\/08\/362694600_665776882245836_2689208526339653810_n.jpg\"><img loading=\"lazy\" decoding=\"async\" class=\"alignnone wp-image-30845 size-medium\" src=\"https:\/\/wpserwis.cfolks.pl\/r2\/wp-content\/uploads\/2023\/08\/362694600_665776882245836_2689208526339653810_n-225x300.jpg\" alt=\"\" width=\"225\" height=\"300\"><\/a> <a href=\"https:\/\/wpserwis.cfolks.pl\/r2\/wp-content\/uploads\/2023\/08\/365248761_665776722245852_8533312103454125734_n.jpg\"><img loading=\"lazy\" decoding=\"async\" class=\"alignnone wp-image-30846 size-medium\" src=\"https:\/\/wpserwis.cfolks.pl\/r2\/wp-content\/uploads\/2023\/08\/365248761_665776722245852_8533312103454125734_n-225x300.jpg\" alt=\"\" width=\"225\" height=\"300\"><\/a> <a href=\"https:\/\/wpserwis.cfolks.pl\/r2\/wp-content\/uploads\/2023\/08\/365393307_665776825579175_6235547002760548952_n.jpg\"><img loading=\"lazy\" decoding=\"async\" class=\"alignnone wp-image-30847 size-medium\" src=\"https:\/\/wpserwis.cfolks.pl\/r2\/wp-content\/uploads\/2023\/08\/365393307_665776825579175_6235547002760548952_n-225x300.jpg\" alt=\"\" width=\"225\" height=\"300\"><\/a> <a href=\"https:\/\/wpserwis.cfolks.pl\/r2\/wp-content\/uploads\/2023\/08\/365389328_665776852245839_8690437794975390404_n.jpg\"><img loading=\"lazy\" decoding=\"async\" class=\"alignnone wp-image-30848 size-medium\" src=\"https:\/\/wpserwis.cfolks.pl\/r2\/wp-content\/uploads\/2023\/08\/365389328_665776852245839_8690437794975390404_n-225x300.jpg\" alt=\"\" width=\"225\" height=\"300\"><\/a> <a href=\"https:\/\/wpserwis.cfolks.pl\/r2\/wp-content\/uploads\/2023\/08\/365466730_665776738912517_3229389794380052176_n.jpg\"><img loading=\"lazy\" decoding=\"async\" class=\"alignnone wp-image-30849 size-medium\" src=\"https:\/\/wpserwis.cfolks.pl\/r2\/wp-content\/uploads\/2023\/08\/365466730_665776738912517_3229389794380052176_n-225x300.jpg\" alt=\"\" width=\"225\" height=\"300\"><\/a> <a href=\"https:\/\/wpserwis.cfolks.pl\/r2\/wp-content\/uploads\/2023\/08\/365487201_665776762245848_5091859220678438178_n.jpg\"><img loading=\"lazy\" decoding=\"async\" class=\"alignnone wp-image-30850 size-medium\" src=\"https:\/\/wpserwis.cfolks.pl\/r2\/wp-content\/uploads\/2023\/08\/365487201_665776762245848_5091859220678438178_n-225x300.jpg\" alt=\"\" width=\"225\" height=\"300\"><\/a> <a href=\"https:\/\/wpserwis.cfolks.pl\/r2\/wp-content\/uploads\/2023\/08\/365402633_665776685579189_8588140696982650051_n.jpg\"><img loading=\"lazy\" decoding=\"async\" class=\"alignnone wp-image-30851 size-medium\" src=\"https:\/\/wpserwis.cfolks.pl\/r2\/wp-content\/uploads\/2023\/08\/365402633_665776685579189_8588140696982650051_n-225x300.jpg\" alt=\"\" width=\"225\" height=\"300\"><\/a><\/div>\n","protected":false},"excerpt":{"rendered":"<p>W dniu wczorajszym, w siedzibie WTW przy ul.&nbsp; Wio\u015blarskiej 6, odby\u0142o si\u0119 spotkanie z naszymi medalistami M\u0142odzie\u017cowych Mistrzostw \u015awiata. Przypomnijmy, \u017ce nieca\u0142e 2 tygodnie temu nasi wychowankowie Piotr P\u0142omi\u0144ski i Konrad Doma\u0144ski, zdobyli z\u0142oty i srebrny medal M\u0142odzie\u017cowych Mistrzostw \u015awiata, kt\u00f3re odby\u0142y si\u0119 w Plovdiv w Bu\u0142garii. &nbsp; Obydwaj zawodnicy ju\u017c w pi\u0105tek wyje\u017cd\u017caj\u0105 do [&hellip;]<\/p>\n","protected":false},"author":1,"featured_media":30852,"comment_status":"closed","ping_status":"closed","sticky":false,"template":"","format":"standard","meta":{"_acf_changed":false,"footnotes":""},"categories":[1],"tags":[],"class_list":["post-30841","post","type-post","status-publish","format-standard","has-post-thumbnail","hentry","category-bez-kategorii"],"acf":[],"_links":{"self":[{"href":"https:\/\/wpserwis.cfolks.pl\/r2\/wp-json\/wp\/v2\/posts\/30841","targetHints":{"allow":["GET"]}}],"collection":[{"href":"https:\/\/wpserwis.cfolks.pl\/r2\/wp-json\/wp\/v2\/posts"}],"about":[{"href":"https:\/\/wpserwis.cfolks.pl\/r2\/wp-json\/wp\/v2\/types\/post"}],"author":[{"embeddable":true,"href":"https:\/\/wpserwis.cfolks.pl\/r2\/wp-json\/wp\/v2\/users\/1"}],"replies":[{"embeddable":true,"href":"https:\/\/wpserwis.cfolks.pl\/r2\/wp-json\/wp\/v2\/comments?post=30841"}],"version-history":[{"count":0,"href":"https:\/\/wpserwis.cfolks.pl\/r2\/wp-json\/wp\/v2\/posts\/30841\/revisions"}],"wp:featuredmedia":[{"embeddable":true,"href":"https:\/\/wpserwis.cfolks.pl\/r2\/wp-json\/"}],"wp:attachment":[{"href":"https:\/\/wpserwis.cfolks.pl\/r2\/wp-json\/wp\/v2\/media?parent=30841"}],"wp:term":[{"taxonomy":"category","embeddable":true,"href":"https:\/\/wpserwis.cfolks.pl\/r2\/wp-json\/wp\/v2\/categories?post=30841"},{"taxonomy":"post_tag","embeddable":true,"href":"https:\/\/wpserwis.cfolks.pl\/r2\/wp-json\/wp\/v2\/tags?post=30841"}],"curies":[{"name":"wp","href":"https:\/\/api.w.org\/{rel}","templated":true}]}}