{"id":31035,"date":"2023-08-30T14:04:20","date_gmt":"2023-08-30T12:04:20","guid":{"rendered":"https:\/\/wtw.waw.pl\/?p=31035"},"modified":"2023-08-30T14:04:20","modified_gmt":"2023-08-30T12:04:20","slug":"polecieli-na-ms-w-belgradzie-w-grze-awans-na-igrzyska","status":"publish","type":"post","link":"https:\/\/wpserwis.cfolks.pl\/r2\/polecieli-na-ms-w-belgradzie-w-grze-awans-na-igrzyska\/","title":{"rendered":"POLECIELI NA M\u015a W BELGRADZIE &#8211; W GRZE AWANS NA IGRZYSKA"},"content":{"rendered":"<div class=\"xdj266r x11i5rnm xat24cr x1mh8g0r x1vvkbs x126k92a\">\n<div dir=\"auto\">Polecieli na Mistrzostwa \u015awiata senior\u00f3w do Belgradu.<\/div>\n<div dir=\"auto\">&nbsp;<\/div>\n<\/div>\n<div class=\"x11i5rnm xat24cr x1mh8g0r x1vvkbs xtlvy1s x126k92a\">\n<div dir=\"auto\">Nasz m\u0142odzie\u017cowy Mistrz \u015awiata Piotr P\u0142omi\u0144ski i nasz m\u0142odzie\u017c\u00f3wy Wicemistrz \u015awiata Konrad Doma\u0144ski, wystartuj\u0105 w konkurencji M2x na wio\u015blarskich Mistrzostwach \u015awiata, kt\u00f3re s\u0105 jednocze\u015bnie kwalifikacjami na Igrzyska Olimpijskie w Pary\u017cu w 2024r.<\/div>\n<div dir=\"auto\">&nbsp;<\/div>\n<div dir=\"auto\">Zg\u0142oszonych jest 30 debli m\u0119skich, z czego 11 pierwszych miejsc daje przepustk\u0119 na Igrzyska.<\/div>\n<div dir=\"auto\">&nbsp;<\/div>\n<\/div>\n<div class=\"x11i5rnm xat24cr x1mh8g0r x1vvkbs xtlvy1s x126k92a\">\n<div dir=\"auto\">Zawody rozpoczn\u0105 si\u0119 ju\u017c 03.09\u2026. My ju\u017c trzymamy kciuki za ch\u0142opak\u00f3w . Dajcie czadu <span class=\"x3nfvp2 x1j61x8r x1fcty0u xdj266r xhhsvwb xat24cr xgzva0m xxymvpz xlup9mm x1kky2od\">!<\/span><\/div>\n<\/div>\n<div dir=\"auto\">&nbsp;<\/div>\n<div dir=\"auto\">&nbsp;<\/div>\n<div dir=\"auto\">&nbsp;<\/div>\n<div dir=\"auto\">&nbsp;<\/div>\n<div dir=\"auto\">&nbsp;<\/div>\n<div dir=\"auto\">&nbsp;<\/div>\n<div dir=\"auto\">.<\/div>\n","protected":false},"excerpt":{"rendered":"<p>Polecieli na Mistrzostwa \u015awiata senior\u00f3w do Belgradu. &nbsp; Nasz m\u0142odzie\u017cowy Mistrz \u015awiata Piotr P\u0142omi\u0144ski i nasz m\u0142odzie\u017c\u00f3wy Wicemistrz \u015awiata Konrad Doma\u0144ski, wystartuj\u0105 w konkurencji M2x na wio\u015blarskich Mistrzostwach \u015awiata, kt\u00f3re s\u0105 jednocze\u015bnie kwalifikacjami na Igrzyska Olimpijskie w Pary\u017cu w 2024r. &nbsp; Zg\u0142oszonych jest 30 debli m\u0119skich, z czego 11 pierwszych miejsc daje przepustk\u0119 na Igrzyska. [&hellip;]<\/p>\n","protected":false},"author":1,"featured_media":31036,"comment_status":"closed","ping_status":"closed","sticky":false,"template":"","format":"standard","meta":{"_acf_changed":false,"footnotes":""},"categories":[1],"tags":[],"class_list":["post-31035","post","type-post","status-publish","format-standard","has-post-thumbnail","hentry","category-bez-kategorii"],"acf":[],"_links":{"self":[{"href":"https:\/\/wpserwis.cfolks.pl\/r2\/wp-json\/wp\/v2\/posts\/31035","targetHints":{"allow":["GET"]}}],"collection":[{"href":"https:\/\/wpserwis.cfolks.pl\/r2\/wp-json\/wp\/v2\/posts"}],"about":[{"href":"https:\/\/wpserwis.cfolks.pl\/r2\/wp-json\/wp\/v2\/types\/post"}],"author":[{"embeddable":true,"href":"https:\/\/wpserwis.cfolks.pl\/r2\/wp-json\/wp\/v2\/users\/1"}],"replies":[{"embeddable":true,"href":"https:\/\/wpserwis.cfolks.pl\/r2\/wp-json\/wp\/v2\/comments?post=31035"}],"version-history":[{"count":0,"href":"https:\/\/wpserwis.cfolks.pl\/r2\/wp-json\/wp\/v2\/posts\/31035\/revisions"}],"wp:featuredmedia":[{"embeddable":true,"href":"https:\/\/wpserwis.cfolks.pl\/r2\/wp-json\/"}],"wp:attachment":[{"href":"https:\/\/wpserwis.cfolks.pl\/r2\/wp-json\/wp\/v2\/media?parent=31035"}],"wp:term":[{"taxonomy":"category","embeddable":true,"href":"https:\/\/wpserwis.cfolks.pl\/r2\/wp-json\/wp\/v2\/categories?post=31035"},{"taxonomy":"post_tag","embeddable":true,"href":"https:\/\/wpserwis.cfolks.pl\/r2\/wp-json\/wp\/v2\/tags?post=31035"}],"curies":[{"name":"wp","href":"https:\/\/api.w.org\/{rel}","templated":true}]}}