{"id":31065,"date":"2023-09-06T15:25:59","date_gmt":"2023-09-06T13:25:59","guid":{"rendered":"https:\/\/wtw.waw.pl\/?p=31065"},"modified":"2023-09-06T15:25:59","modified_gmt":"2023-09-06T13:25:59","slug":"domanski-i-plominski-w-cwiercfinale","status":"publish","type":"post","link":"https:\/\/wpserwis.cfolks.pl\/r2\/domanski-i-plominski-w-cwiercfinale\/","title":{"rendered":"DOMA\u0143SKI I P\u0141OMI\u0143SKI BEZ AWANSU DO P\u00d3\u0141FINA\u0141U MISTRZOSTW \u015aWIATA"},"content":{"rendered":"<p>Update:<\/p>\n<p>Niestety, nie uda\u0142o si\u0119 Piotrowi i Konradowi awansowa\u0107 do p\u00f3\u0142fina\u0142u Mistrzostw \u015awiata. W swoim biegu \u0107wier\u0107fina\u0142owym zaj\u0119li czwarte miejsce (awansowa\u0142y pierwsze trzy osady). Odnotujmy tylko, \u017ce wczorajsze warunki na torze by\u0142y trudne &#8211; wia\u0142 silny wiatr.<\/p>\n<p>Niestety nie uda si\u0119 w tym roku naszym wychowankom uzyska\u0107 kwalifikacji do Igrzysk Olimpijskich, swoich szans powinni szuka\u0107 w maju przysz\u0142ego roku. Jest wi\u0119c czas w ko\u0144cu odpocz\u0105\u0107 &#8211; sezon by\u0142 dla obu zawodnik\u00f3w bardzo intensywny, a nast\u0119pnie op\u0142ywa\u0107 si\u0119 razem na wsp\u00f3lnej osadzie.<\/p>\n<p>Dzi\u0119kujemy Panowie za ten rok. Sukcesy osi\u0105gni\u0119te przez Was napawaj\u0105 nas dum\u0105 i z du\u017cym optymizmem patrzymy na niedalek\u0105 przysz\u0142o\u015b\u0107.<\/p>\n<p>&nbsp;<\/p>\n<p>&#8212;&#8212;&#8212;&#8212;&#8212;&#8212;&#8212;&#8212;&#8212;&#8212;&#8212;&#8212;&#8212;&#8212;&#8212;&#8212;&#8212;&#8212;&#8212;&#8212;&#8212;&#8212;&#8212;&#8212;&#8212;&#8212;&#8212;&#8212;&#8212;&#8212;&#8212;&#8212;&#8212;&#8212;&#8212;&#8212;&#8212;&#8212;&#8212;&#8212;&#8212;&#8212;&#8212;&#8212;&#8212;&#8212;&#8212;&#8212;&#8212;&#8212;&#8212;&#8212;&#8212;&#8212;&#8212;&#8212;&#8212;&#8212;&#8212;<\/p>\n<p>Dobre wiadomo\u015bci nap\u0142yn\u0119\u0142y do nas w niedziel\u0119 z Belgradu, gdzie od soboty ruszy\u0142y wio\u015blarskiej Mistrzostwa \u015awiata senior\u00f3w.<\/p>\n<p>Nasza reprezentacyjno\/klubowa dw\u00f3jka podw\u00f3jna Piotr P\u0142omi\u0144ski i Konrad Doma\u0144ski, uzyska\u0142a bezpo\u015bredni\u0105 kwalifikacj\u0119 do \u0107wier\u0107fina\u0142u. Nasi wychowankowie przyp\u0142yn\u0119li na met\u0119 z czwartym czasem co wystarczy\u0142o do awansu.<\/p>\n<p>Przypomnijmy, \u017ce z mistrzostw w Belgradzie, 11 pierwszych osad uzyskuje awans na przysz\u0142oroczne Igrzyska Olimpijskie w Pary\u017cu.<\/p>\n<p>\u0106wier\u0107fina\u0142y zaplanowano na \u015brod\u0119. Trzymamy kciuki.<\/p>\n<p>&nbsp;<\/p>\n<p>&nbsp;<\/p>\n<p>&nbsp;<\/p>\n<p>,<\/p>\n","protected":false},"excerpt":{"rendered":"<p>Update: Niestety, nie uda\u0142o si\u0119 Piotrowi i Konradowi awansowa\u0107 do p\u00f3\u0142fina\u0142u Mistrzostw \u015awiata. W swoim biegu \u0107wier\u0107fina\u0142owym zaj\u0119li czwarte miejsce (awansowa\u0142y pierwsze trzy osady). Odnotujmy tylko, \u017ce wczorajsze warunki na torze by\u0142y trudne &#8211; wia\u0142 silny wiatr. Niestety nie uda si\u0119 w tym roku naszym wychowankom uzyska\u0107 kwalifikacji do Igrzysk Olimpijskich, swoich szans powinni szuka\u0107 [&hellip;]<\/p>\n","protected":false},"author":1,"featured_media":30852,"comment_status":"closed","ping_status":"closed","sticky":false,"template":"","format":"standard","meta":{"_acf_changed":false,"footnotes":""},"categories":[1],"tags":[],"class_list":["post-31065","post","type-post","status-publish","format-standard","has-post-thumbnail","hentry","category-bez-kategorii"],"acf":[],"_links":{"self":[{"href":"https:\/\/wpserwis.cfolks.pl\/r2\/wp-json\/wp\/v2\/posts\/31065","targetHints":{"allow":["GET"]}}],"collection":[{"href":"https:\/\/wpserwis.cfolks.pl\/r2\/wp-json\/wp\/v2\/posts"}],"about":[{"href":"https:\/\/wpserwis.cfolks.pl\/r2\/wp-json\/wp\/v2\/types\/post"}],"author":[{"embeddable":true,"href":"https:\/\/wpserwis.cfolks.pl\/r2\/wp-json\/wp\/v2\/users\/1"}],"replies":[{"embeddable":true,"href":"https:\/\/wpserwis.cfolks.pl\/r2\/wp-json\/wp\/v2\/comments?post=31065"}],"version-history":[{"count":0,"href":"https:\/\/wpserwis.cfolks.pl\/r2\/wp-json\/wp\/v2\/posts\/31065\/revisions"}],"wp:featuredmedia":[{"embeddable":true,"href":"https:\/\/wpserwis.cfolks.pl\/r2\/wp-json\/"}],"wp:attachment":[{"href":"https:\/\/wpserwis.cfolks.pl\/r2\/wp-json\/wp\/v2\/media?parent=31065"}],"wp:term":[{"taxonomy":"category","embeddable":true,"href":"https:\/\/wpserwis.cfolks.pl\/r2\/wp-json\/wp\/v2\/categories?post=31065"},{"taxonomy":"post_tag","embeddable":true,"href":"https:\/\/wpserwis.cfolks.pl\/r2\/wp-json\/wp\/v2\/tags?post=31065"}],"curies":[{"name":"wp","href":"https:\/\/api.w.org\/{rel}","templated":true}]}}