{"id":31069,"date":"2023-09-06T09:32:06","date_gmt":"2023-09-06T07:32:06","guid":{"rendered":"https:\/\/wtw.waw.pl\/?p=31069"},"modified":"2023-09-06T09:32:06","modified_gmt":"2023-09-06T07:32:06","slug":"zeglarskie-mistrzostwa-warszawy","status":"publish","type":"post","link":"https:\/\/wpserwis.cfolks.pl\/r2\/zeglarskie-mistrzostwa-warszawy\/","title":{"rendered":"\u017bEGLARSKIE MISTRZOSTWA WARSZAWY"},"content":{"rendered":"<div class=\"x11i5rnm xat24cr x1mh8g0r x1vvkbs xtlvy1s x126k92a\">\n<div dir=\"auto\">W miniony weekend odby\u0142y si\u0119 \u017ceglarskie Mistrzostwa Warszawy. Zawodnicy sekcji \u017ceglarskiej WTW, zmierzyli si\u0119 z wymagaj\u0105cymi warunkami &#8211; s\u0142abym wiatrem i d\u0142ugimi oczekiwaniami na starty.<\/div>\n<div dir=\"auto\">&nbsp;<\/div>\n<\/div>\n<div class=\"x11i5rnm xat24cr x1mh8g0r x1vvkbs xtlvy1s x126k92a\">\n<div dir=\"auto\">W grupie A panowie zaj\u0119li:<\/div>\n<div dir=\"auto\">Wiktor 3 miejsce<\/div>\n<div dir=\"auto\">Kajetan 9 miejsce<\/div>\n<\/div>\n<div class=\"x11i5rnm xat24cr x1mh8g0r x1vvkbs xtlvy1s x126k92a\">\n<div dir=\"auto\">&nbsp;<\/div>\n<div dir=\"auto\">W grupie B:<\/div>\n<div dir=\"auto\">Franek 4 miejsce<\/div>\n<div dir=\"auto\">Zuzia 38 miejsce<\/div>\n<div dir=\"auto\">Mateusz 54 miejsce<\/div>\n<div dir=\"auto\">Antek 58 miejsce<\/div>\n<div dir=\"auto\">&nbsp;<\/div>\n<\/div>\n<div class=\"x11i5rnm xat24cr x1mh8g0r x1vvkbs xtlvy1s x126k92a\">\n<div dir=\"auto\">Gratulacje dla naszych \u017ceglarzy, podopiecznych trenera Ma\u0107ka Lato.<\/div>\n<\/div>\n<div dir=\"auto\">&nbsp;<\/div>\n<div dir=\"auto\"><a href=\"https:\/\/wpserwis.cfolks.pl\/r2\/145-lat-sportu-na-mazowszu-zaproszenie-na-impreze\/\"><strong><span style=\"color: #0000ff;\">Ju\u017c 16.09 widzimy si\u0119 w Marinie, na pikniku rodzinnym &#8222;145 lat sportu na Mazowszu&#8221;.<\/span><\/strong><\/a><\/div>\n<div dir=\"auto\">&nbsp;<\/div>\n<div dir=\"auto\">&nbsp;<\/div>\n<div dir=\"auto\">.<\/div>\n","protected":false},"excerpt":{"rendered":"<p>W miniony weekend odby\u0142y si\u0119 \u017ceglarskie Mistrzostwa Warszawy. Zawodnicy sekcji \u017ceglarskiej WTW, zmierzyli si\u0119 z wymagaj\u0105cymi warunkami &#8211; s\u0142abym wiatrem i d\u0142ugimi oczekiwaniami na starty. &nbsp; W grupie A panowie zaj\u0119li: Wiktor 3 miejsce Kajetan 9 miejsce &nbsp; W grupie B: Franek 4 miejsce Zuzia 38 miejsce Mateusz 54 miejsce Antek 58 miejsce &nbsp; Gratulacje [&hellip;]<\/p>\n","protected":false},"author":1,"featured_media":31070,"comment_status":"closed","ping_status":"closed","sticky":false,"template":"","format":"standard","meta":{"_acf_changed":false,"footnotes":""},"categories":[1],"tags":[],"class_list":["post-31069","post","type-post","status-publish","format-standard","has-post-thumbnail","hentry","category-bez-kategorii"],"acf":[],"_links":{"self":[{"href":"https:\/\/wpserwis.cfolks.pl\/r2\/wp-json\/wp\/v2\/posts\/31069","targetHints":{"allow":["GET"]}}],"collection":[{"href":"https:\/\/wpserwis.cfolks.pl\/r2\/wp-json\/wp\/v2\/posts"}],"about":[{"href":"https:\/\/wpserwis.cfolks.pl\/r2\/wp-json\/wp\/v2\/types\/post"}],"author":[{"embeddable":true,"href":"https:\/\/wpserwis.cfolks.pl\/r2\/wp-json\/wp\/v2\/users\/1"}],"replies":[{"embeddable":true,"href":"https:\/\/wpserwis.cfolks.pl\/r2\/wp-json\/wp\/v2\/comments?post=31069"}],"version-history":[{"count":0,"href":"https:\/\/wpserwis.cfolks.pl\/r2\/wp-json\/wp\/v2\/posts\/31069\/revisions"}],"wp:featuredmedia":[{"embeddable":true,"href":"https:\/\/wpserwis.cfolks.pl\/r2\/wp-json\/"}],"wp:attachment":[{"href":"https:\/\/wpserwis.cfolks.pl\/r2\/wp-json\/wp\/v2\/media?parent=31069"}],"wp:term":[{"taxonomy":"category","embeddable":true,"href":"https:\/\/wpserwis.cfolks.pl\/r2\/wp-json\/wp\/v2\/categories?post=31069"},{"taxonomy":"post_tag","embeddable":true,"href":"https:\/\/wpserwis.cfolks.pl\/r2\/wp-json\/wp\/v2\/tags?post=31069"}],"curies":[{"name":"wp","href":"https:\/\/api.w.org\/{rel}","templated":true}]}}