{"id":31090,"date":"2023-09-11T09:00:19","date_gmt":"2023-09-11T07:00:19","guid":{"rendered":"https:\/\/wtw.waw.pl\/?p=31090"},"modified":"2023-09-11T09:00:19","modified_gmt":"2023-09-11T07:00:19","slug":"uczestnicy-programu-badz-aktywny-trenuja-na-wodzie","status":"publish","type":"post","link":"https:\/\/wpserwis.cfolks.pl\/r2\/uczestnicy-programu-badz-aktywny-trenuja-na-wodzie\/","title":{"rendered":"UCZESTNICY PROGRAMU &#8222;B\u0104D\u0179 AKTYWNY&#8221; TRENUJ\u0104 NA WODZIE."},"content":{"rendered":"<div class=\"xdj266r x11i5rnm xat24cr x1mh8g0r x1vvkbs x126k92a\">\n<div dir=\"auto\">Nieprzerwanie prowadzimy szkolenie w\u015br\u00f3d m\u0142odzie\u017cy niepe\u0142nosprawnej.<\/div>\n<div dir=\"auto\">&nbsp;<\/div>\n<div dir=\"auto\">Uczestnicy programu \u201eB\u0105d\u017a Aktywny\u201d zacz\u0119\u0142y schodzi\u0107 na wod\u0119 wraz z trenerk\u0105 (dwukrotn\u0105 olimpijk\u0105) Sylwi\u0105 Kocerk\u0105. S\u0105 to dzieci niedowidz\u0105ce ze specjalnego o\u015brodka Szkolno &#8211; Wychowawczego nr 8 w Warszawie.<\/div>\n<\/div>\n<div class=\"x11i5rnm xat24cr x1mh8g0r x1vvkbs xtlvy1s x126k92a\">\n<div dir=\"auto\">&nbsp;<\/div>\n<div dir=\"auto\">\u201e<em>Dla nich to du\u017ce wyzwanie oraz \u015bwietne do\u015bwiadczenie gdy\u017c nie widz\u0105 w jakim po\u0142o\u017ceniu jest pi\u00f3ro wios\u0142a<\/em>\u201d powiedzia\u0142a nam Sylwia Kocerka.<\/div>\n<\/div>\n<div class=\"x11i5rnm xat24cr x1mh8g0r x1vvkbs xtlvy1s x126k92a\">\n<div dir=\"auto\">&nbsp;<\/div>\n<div dir=\"auto\">Program &#8222;B\u0105d\u017a Aktywny&#8221;,finansowany jest ze \u015brodk\u00f3w Polskiego Komitetu Paralimpijskiego.<\/div>\n<\/div>\n<div dir=\"auto\">&nbsp;<\/div>\n<div dir=\"auto\">&nbsp;<\/div>\n<div dir=\"auto\"><a href=\"https:\/\/wpserwis.cfolks.pl\/r2\/wp-content\/uploads\/2023\/09\/375731658_685478680275656_6455760570747406048_n.jpg\"><img loading=\"lazy\" decoding=\"async\" class=\"alignnone wp-image-31092 size-medium\" src=\"https:\/\/wpserwis.cfolks.pl\/r2\/wp-content\/uploads\/2023\/09\/375731658_685478680275656_6455760570747406048_n-256x300.jpg\" alt=\"\" width=\"256\" height=\"300\"><\/a> <a href=\"https:\/\/wpserwis.cfolks.pl\/r2\/wp-content\/uploads\/2023\/09\/376687294_685478690275655_3150377713986886161_n.jpg\"><img loading=\"lazy\" decoding=\"async\" class=\"alignnone wp-image-31093 size-medium\" src=\"https:\/\/wpserwis.cfolks.pl\/r2\/wp-content\/uploads\/2023\/09\/376687294_685478690275655_3150377713986886161_n-257x300.jpg\" alt=\"\" width=\"257\" height=\"300\"><\/a> <a href=\"https:\/\/wpserwis.cfolks.pl\/r2\/wp-content\/uploads\/2023\/09\/376831070_685478686942322_7701089692860391163_n.jpg\"><img loading=\"lazy\" decoding=\"async\" class=\"alignnone wp-image-31094 size-medium\" src=\"https:\/\/wpserwis.cfolks.pl\/r2\/wp-content\/uploads\/2023\/09\/376831070_685478686942322_7701089692860391163_n-256x300.jpg\" alt=\"\" width=\"256\" height=\"300\"><\/a><\/div>\n","protected":false},"excerpt":{"rendered":"<p>Nieprzerwanie prowadzimy szkolenie w\u015br\u00f3d m\u0142odzie\u017cy niepe\u0142nosprawnej. &nbsp; Uczestnicy programu \u201eB\u0105d\u017a Aktywny\u201d zacz\u0119\u0142y schodzi\u0107 na wod\u0119 wraz z trenerk\u0105 (dwukrotn\u0105 olimpijk\u0105) Sylwi\u0105 Kocerk\u0105. S\u0105 to dzieci niedowidz\u0105ce ze specjalnego o\u015brodka Szkolno &#8211; Wychowawczego nr 8 w Warszawie. &nbsp; \u201eDla nich to du\u017ce wyzwanie oraz \u015bwietne do\u015bwiadczenie gdy\u017c nie widz\u0105 w jakim po\u0142o\u017ceniu jest pi\u00f3ro wios\u0142a\u201d powiedzia\u0142a [&hellip;]<\/p>\n","protected":false},"author":1,"featured_media":31091,"comment_status":"closed","ping_status":"closed","sticky":false,"template":"","format":"standard","meta":{"_acf_changed":false,"footnotes":""},"categories":[1],"tags":[],"class_list":["post-31090","post","type-post","status-publish","format-standard","has-post-thumbnail","hentry","category-bez-kategorii"],"acf":[],"_links":{"self":[{"href":"https:\/\/wpserwis.cfolks.pl\/r2\/wp-json\/wp\/v2\/posts\/31090","targetHints":{"allow":["GET"]}}],"collection":[{"href":"https:\/\/wpserwis.cfolks.pl\/r2\/wp-json\/wp\/v2\/posts"}],"about":[{"href":"https:\/\/wpserwis.cfolks.pl\/r2\/wp-json\/wp\/v2\/types\/post"}],"author":[{"embeddable":true,"href":"https:\/\/wpserwis.cfolks.pl\/r2\/wp-json\/wp\/v2\/users\/1"}],"replies":[{"embeddable":true,"href":"https:\/\/wpserwis.cfolks.pl\/r2\/wp-json\/wp\/v2\/comments?post=31090"}],"version-history":[{"count":0,"href":"https:\/\/wpserwis.cfolks.pl\/r2\/wp-json\/wp\/v2\/posts\/31090\/revisions"}],"wp:featuredmedia":[{"embeddable":true,"href":"https:\/\/wpserwis.cfolks.pl\/r2\/wp-json\/"}],"wp:attachment":[{"href":"https:\/\/wpserwis.cfolks.pl\/r2\/wp-json\/wp\/v2\/media?parent=31090"}],"wp:term":[{"taxonomy":"category","embeddable":true,"href":"https:\/\/wpserwis.cfolks.pl\/r2\/wp-json\/wp\/v2\/categories?post=31090"},{"taxonomy":"post_tag","embeddable":true,"href":"https:\/\/wpserwis.cfolks.pl\/r2\/wp-json\/wp\/v2\/tags?post=31090"}],"curies":[{"name":"wp","href":"https:\/\/api.w.org\/{rel}","templated":true}]}}